{"id":16138,"date":"2025-12-29T13:18:46","date_gmt":"2025-12-29T13:18:46","guid":{"rendered":"https:\/\/grupotorivac.com\/impacto-medioambiental-de-los-transformadores-hoy\/"},"modified":"2026-03-23T15:52:34","modified_gmt":"2026-03-23T15:52:34","slug":"impacto-medioambiental-de-los-transformadores-hoy","status":"publish","type":"post","link":"https:\/\/grupotorivac.com\/fr\/impacto-medioambiental-de-los-transformadores-hoy\/","title":{"rendered":"L&#8217;impact environnemental des transformateurs aujourd&#8217;hui"},"content":{"rendered":"\t\t<div data-elementor-type=\"wp-post\" data-elementor-id=\"16138\" class=\"elementor elementor-16138 elementor-15112\" data-elementor-post-type=\"post\">\n\t\t\t\t<div class=\"elementor-element elementor-element-2668ae1 e-flex e-con-boxed e-con e-parent\" data-id=\"2668ae1\" data-element_type=\"container\" data-e-type=\"container\">\n\t\t\t\t\t<div class=\"e-con-inner\">\n\t\t<div class=\"elementor-element elementor-element-44cec1c e-con-full e-flex e-con e-child\" data-id=\"44cec1c\" data-element_type=\"container\" data-e-type=\"container\">\n\t\t\t\t<div class=\"elementor-element elementor-element-1acb58e2 elementor-hidden-desktop elementor-hidden-tablet elementor-hidden-mobile elementor-widget elementor-widget-html\" data-id=\"1acb58e2\" data-element_type=\"widget\" data-e-type=\"widget\" data-widget_type=\"html.default\">\n\t\t\t\t<div class=\"elementor-widget-container\">\n\t\t\t\t\t<style>\/* Contenedor de la imagen *\/\n#header_image .elementor-widget-container {\n  width: 100%;\n  aspect-ratio: 16 \/ 4;\n  overflow: hidden;\n}\n\n\/* Imagen *\/\n#header_image .elementor-widget-container img {\n  width: 100%;\n  height: 100%;\n  object-fit: cover;\n  display: block;\n  object-position: center 70%;\n}\n \n.elementor-shortcode h2 {\n    font-family: \"Advent Pro\", Sans-serif;\n    font-size: 42px;\n    color: #ba6b1e;\n}\n<\/style>\t\t\t\t<\/div>\n\t\t\t\t<\/div>\n\t\t<div class=\"elementor-element elementor-element-1fa957b0 e-con-full e-flex e-con e-child\" data-id=\"1fa957b0\" data-element_type=\"container\" data-e-type=\"container\" id=\"header_image\">\n\t\t\t\t<div class=\"elementor-element elementor-element-1db2946b elementor-widget elementor-widget-image\" data-id=\"1db2946b\" data-element_type=\"widget\" data-e-type=\"widget\" data-widget_type=\"image.default\">\n\t\t\t\t<div class=\"elementor-widget-container\">\n\t\t\t\t\t\t\t\t\t\t\t\t\t\t\t<img fetchpriority=\"high\" decoding=\"async\" width=\"1091\" height=\"614\" src=\"https:\/\/grupotorivac.com\/wp-content\/uploads\/2025\/12\/Transformador_medioambiental.jpg\" class=\"attachment-2048x2048 size-2048x2048 wp-image-16140\" alt=\"\" srcset=\"https:\/\/grupotorivac.com\/wp-content\/uploads\/2025\/12\/Transformador_medioambiental.jpg 1091w, https:\/\/grupotorivac.com\/wp-content\/uploads\/2025\/12\/Transformador_medioambiental-300x169.jpg 300w, https:\/\/grupotorivac.com\/wp-content\/uploads\/2025\/12\/Transformador_medioambiental-1024x576.jpg 1024w, https:\/\/grupotorivac.com\/wp-content\/uploads\/2025\/12\/Transformador_medioambiental-768x432.jpg 768w, https:\/\/grupotorivac.com\/wp-content\/uploads\/2025\/12\/Transformador_medioambiental-260x146.jpg 260w, https:\/\/grupotorivac.com\/wp-content\/uploads\/2025\/12\/Transformador_medioambiental-50x28.jpg 50w, https:\/\/grupotorivac.com\/wp-content\/uploads\/2025\/12\/Transformador_medioambiental-133x75.jpg 133w, https:\/\/grupotorivac.com\/wp-content\/uploads\/2025\/12\/Transformador_medioambiental-600x338.jpg 600w\" sizes=\"(max-width: 1091px) 100vw, 1091px\" \/>\t\t\t\t\t\t\t\t\t\t\t\t\t\t\t<\/div>\n\t\t\t\t<\/div>\n\t\t\t\t<\/div>\n\t\t\t\t<div class=\"elementor-element elementor-element-78e49875 elementor-widget elementor-widget-shortcode\" data-id=\"78e49875\" data-element_type=\"widget\" data-e-type=\"widget\" data-widget_type=\"shortcode.default\">\n\t\t\t\t<div class=\"elementor-widget-container\">\n\t\t\t\t\t\t\t<div class=\"elementor-shortcode\"><h2>L&#8217;impact environnemental des transformateurs aujourd&#8217;hui<\/h2>\n<\/div>\n\t\t\t\t\t\t<\/div>\n\t\t\t\t<\/div>\n\t\t\t\t<div class=\"elementor-element elementor-element-30916d9 elementor-widget elementor-widget-text-editor\" data-id=\"30916d9\" data-element_type=\"widget\" data-e-type=\"widget\" data-widget_type=\"text-editor.default\">\n\t\t\t\t<div class=\"elementor-widget-container\">\n\t\t\t\t\t\t\t\t\t<h3>Impact environnemental des transformateurs en Europe et en Espagne<\/h3><p>L&#8217;impact environnemental des transformateurs est devenu un facteur critique dans le processus d&#8217;\u00e9lectrification en Europe et en Espagne. Avec l&#8217;intensification des politiques publiques ax\u00e9es sur la durabilit\u00e9, il devient essentiel que les fabricants et les gouvernements assument une responsabilit\u00e9 active dans la transformation des infrastructures \u00e9lectriques.   <\/p><p>Actuellement, de nombreux transformateurs fonctionnent encore avec des substances telles que des huiles min\u00e9rales polluantes ou des mat\u00e9riaux non recyclables, ce qui aggrave leur empreinte \u00e9cologique. En outre, la consommation inutile d&#8217;\u00e9nergie, due \u00e0 des \u00e9quipements inefficaces ou mal con\u00e7us, g\u00e9n\u00e8re des \u00e9missions indirectes de carbone qui finissent par affecter n\u00e9gativement l&#8217;environnement et d\u00e9s\u00e9quilibrer les engagements pris dans le cadre du Pacte vert europ\u00e9en. <\/p><p>Les exigences en mati\u00e8re d&#8217;efficacit\u00e9 \u00e9nerg\u00e9tique et d&#8217;utilisation responsable des ressources font des transformateurs un \u00e9l\u00e9ment cl\u00e9 pour se conformer \u00e0 des r\u00e9glementations strictes telles que celles impos\u00e9es par la Commission europ\u00e9enne. Pour aborder correctement cette question, l&#8217;approche doit aller au-del\u00e0 du recyclage et englober l&#8217;ensemble du cycle de vie de chaque composant, de la s\u00e9lection des mat\u00e9riaux aux phases de maintenance et \u00e0 l&#8217;\u00e9limination finale.   <\/p><p>L&#8217;impact environnemental des transformateurs ne peut \u00eatre r\u00e9duit sans une intervention directe d\u00e8s le stade de la fabrication. C&#8217;est pourquoi le choix de fournisseurs durables est essentiel pour les institutions publiques, les installations industrielles et les centres de distribution d&#8217;\u00e9lectricit\u00e9. L&#8217;impact environnemental des transformateurs devient m\u00eame une ligne d&#8217;\u00e9valuation obligatoire dans les strat\u00e9gies nationales de march\u00e9s publics \u00e9cologiques. <\/p>\t\t\t\t\t\t\t\t<\/div>\n\t\t\t\t<\/div>\n\t\t\t\t<div class=\"elementor-element elementor-element-bec07c6 elementor-widget elementor-widget-text-editor\" data-id=\"bec07c6\" data-element_type=\"widget\" data-e-type=\"widget\" data-widget_type=\"text-editor.default\">\n\t\t\t\t<div class=\"elementor-widget-container\">\n\t\t\t\t\t\t\t\t\t<h3>Les fabricants europ\u00e9ens face \u00e0 la concurrence asiatique et \u00e0 la r\u00e9glementation environnementale<\/h3><p>La r\u00e9alit\u00e9 actuelle du march\u00e9 montre qu&#8217;il y a peu de fabricants europ\u00e9ens capables d&#8217;offrir des solutions respectueuses de l&#8217;environnement dans le domaine des transformateurs. Une grande partie de l&#8217;offre provient de fournisseurs asiatiques, dont les processus de fabrication manquent souvent d&#8217;un contr\u00f4le rigoureux des crit\u00e8res de durabilit\u00e9.   <\/p><p>L&#8217;utilisation inconsid\u00e9r\u00e9e de mat\u00e9riaux de mauvaise qualit\u00e9, une mauvaise conception et une dur\u00e9e de vie limit\u00e9e ne d\u00e9t\u00e9riorent pas seulement les performances op\u00e9rationnelles, mais augmentent \u00e9galement de mani\u00e8re significative l&#8217;impact \u00e9cologique de l&#8217;\u00e9quipement au fil du temps. Ces pratiques remettent en cause la conformit\u00e9 r\u00e9glementaire exig\u00e9e par les r\u00e9gulateurs europ\u00e9ens, tant en termes de s\u00e9curit\u00e9 que d&#8217;impact environnemental des transformateurs install\u00e9s dans les infrastructures publiques et priv\u00e9es. <\/p><p>Les gouvernements et les organismes de r\u00e9glementation en Europe, en particulier dans le contexte espagnol, montrent un int\u00e9r\u00eat croissant pour l&#8217;\u00e9tablissement de r\u00e9glementations plus strictes visant \u00e0 une \u00e9lectrification propre et efficace. Des r\u00e9glementations telles que le r\u00e8glement (UE) 2019\/1783 \u00e9tablissent des exigences minimales d&#8217;efficacit\u00e9 pour les transformateurs d&#8217;\u00e9nergie, ce qui a rendu n\u00e9cessaire de repenser l&#8217;origine et la conception de cet \u00e9quipement.   <\/p><p>Face \u00e0 un approvisionnement peu co\u00fbteux mais \u00e0 la fiabilit\u00e9 douteuse, les r\u00e9gulateurs reconnaissent l&#8217;urgence de valoriser les fournisseurs europ\u00e9ens avec des certificats qui d\u00e9montrent la tra\u00e7abilit\u00e9 des mat\u00e9riaux et la responsabilit\u00e9 \u00e9cologique tout au long de la cha\u00eene de production. Cette approche vise non seulement \u00e0 r\u00e9duire l&#8217;impact environnemental des transformateurs, mais aussi \u00e0 garantir la fiabilit\u00e9 technique, la compatibilit\u00e9 avec les r\u00e9seaux intelligents et une r\u00e9elle r\u00e9duction de la consommation d&#8217;\u00e9nergie dans les applications pratiques. <\/p><p>Par cons\u00e9quent, dans un sc\u00e9nario o\u00f9 la durabilit\u00e9 n&#8217;est plus une option mais une obligation, s&#8217;appuyer sur des fabricants europ\u00e9ens ayant fait leurs preuves, comme Torivac, repr\u00e9sente une strat\u00e9gie d&#8217;engagement r\u00e9el en faveur de l&#8217;environnement et du respect des r\u00e9glementations impos\u00e9es par les autorit\u00e9s comp\u00e9tentes.<\/p>\t\t\t\t\t\t\t\t<\/div>\n\t\t\t\t<\/div>\n\t\t\t\t<div class=\"elementor-element elementor-element-c4e54af elementor-widget elementor-widget-text-editor\" data-id=\"c4e54af\" data-element_type=\"widget\" data-e-type=\"widget\" data-widget_type=\"text-editor.default\">\n\t\t\t\t<div class=\"elementor-widget-container\">\n\t\t\t\t\t\t\t\t\t<h3>Torivac, partenaire de la transformation de l&#8217;\u00e9lectricit\u00e9 verte<\/h3><p>Torivac a compris que l&#8217;impact environnemental des transformateurs n&#8217;est pas une question secondaire, mais l&#8217;un des piliers essentiels pour parvenir \u00e0 des syst\u00e8mes \u00e9lectriques durables et efficaces. Sa proposition est bas\u00e9e sur le d\u00e9veloppement de transformateurs fabriqu\u00e9s avec des mat\u00e9riaux respectueux de l&#8217;environnement, responsables vis-\u00e0-vis de l&#8217;environnement et align\u00e9s sur les normes les plus avanc\u00e9es du march\u00e9 europ\u00e9en.   <\/p><p>Outre l&#8217;utilisation de mati\u00e8res premi\u00e8res recyclables et un processus de fabrication \u00e0 faible \u00e9mission, Torivac int\u00e8gre des solutions technologiques qui optimisent l&#8217;efficacit\u00e9 \u00e9nerg\u00e9tique du transformateur tout au long de sa dur\u00e9e de vie, avec une r\u00e9duction des pertes et une am\u00e9lioration prouv\u00e9e de l&#8217;efficacit\u00e9 op\u00e9rationnelle.<br>L&#8217;engagement de Torivac est une valeur tangible pour les gouvernements et les r\u00e9gulateurs \u00e0 la recherche de fournisseurs fiables, car il fournit une documentation technique d\u00e9taill\u00e9e, des certifications compatibles avec les directives europ\u00e9ennes et assure une tra\u00e7abilit\u00e9 compl\u00e8te de chaque unit\u00e9 fabriqu\u00e9e.  <\/p><p>Torivac ne se contente pas de proposer une alternative commerciale plus consciente, mais rel\u00e8ve la norme de l&#8217;industrie en exigeant une durabilit\u00e9 v\u00e9rifiable de la premi\u00e8re \u00e9tape jusqu&#8217;au dernier kilowatt transport\u00e9. Les compagnies d&#8217;\u00e9nergie, les services publics et les gestionnaires d&#8217;infrastructures \u00e9lectriques peuvent compter sur Torivac pour d\u00e9ployer des solutions soutenues par une ing\u00e9nierie responsable, un impact environnemental r\u00e9duit et une durabilit\u00e9 technique, m\u00eame dans des environnements complexes. <\/p><p>Les investissements intelligents se tournent de plus en plus vers des propositions telles que celle de Torivac, dont la production est align\u00e9e sur la r\u00e9alisation de l&#8217;objectif 7 du d\u00e9veloppement durable (\u00e9nergie abordable et propre) et sur les engagements europ\u00e9ens en mati\u00e8re de lutte contre le changement climatique. Face \u00e0 un sc\u00e9nario dans lequel la d\u00e9carbonisation des syst\u00e8mes \u00e9lectriques est devenue une priorit\u00e9 nationale, d\u00e9l\u00e9guer cette mission \u00e0 des acteurs fiables peut faire la diff\u00e9rence entre un progr\u00e8s symbolique et un impact r\u00e9el. <\/p>\t\t\t\t\t\t\t\t<\/div>\n\t\t\t\t<\/div>\n\t\t\t\t<div class=\"elementor-element elementor-element-d734707 elementor-widget elementor-widget-text-editor\" data-id=\"d734707\" data-element_type=\"widget\" data-e-type=\"widget\" data-widget_type=\"text-editor.default\">\n\t\t\t\t<div class=\"elementor-widget-container\">\n\t\t\t\t\t\t\t\t\t<h3>Le d\u00e9veloppement durable n&#8217;est plus un choix mais une n\u00e9cessit\u00e9<\/h3><p>Chaque d\u00e9cision li\u00e9e \u00e0 l&#8217;achat, \u00e0 l&#8217;installation et \u00e0 l&#8217;exploitation des transformateurs rev\u00eat aujourd&#8217;hui une valeur strat\u00e9gique. Dans un sc\u00e9nario europ\u00e9en o\u00f9 la durabilit\u00e9 \u00e9nerg\u00e9tique devient l&#8217;un des principaux vecteurs de d\u00e9veloppement, l&#8217;\u00e9valuation de l&#8217;impact environnemental des transformateurs est d&#8217;une importance cruciale. La transition \u00e9cologique ne se fera pas sans une r\u00e9vision en profondeur des composants \u00e9lectriques qui soutiennent nos infrastructures.    <\/p><p>Torivac a relev\u00e9 ce d\u00e9fi, d\u00e9montrant qu&#8217;il est possible d&#8217;innover sans compromettre l&#8217;environnement. Son approche rigoureuse de l&#8217;efficacit\u00e9 \u00e9nerg\u00e9tique, de l&#8217;utilisation rationnelle des mat\u00e9riaux et de l&#8217;ing\u00e9nierie responsable incite de nombreux acteurs institutionnels \u00e0 repenser leurs d\u00e9cisions d&#8217;achat et de planification des r\u00e9seaux. <\/p><p>La possibilit\u00e9 d&#8217;\u00e9voluer vers des r\u00e9seaux plus propres et plus efficaces doit aller de pair avec des alliances avec des fabricants engag\u00e9s, qui ne se contentent pas de respecter les r\u00e9glementations, mais les d\u00e9passent gr\u00e2ce \u00e0 des propositions de pointe. En bref, ceux qui m\u00e8nent la transition d&#8217;un point de vue technique et \u00e9cologique seront mieux plac\u00e9s pour acc\u00e9der aux fonds europ\u00e9ens, aux march\u00e9s publics durables et aux alliances strat\u00e9giques durables avec les gouvernements et les grandes entreprises.   <\/p><p>C&#8217;est pourquoi, aujourd&#8217;hui plus que jamais, opter pour des solutions telles que celles propos\u00e9es par Torivac est non seulement conseill\u00e9, mais indispensable pour ceux qui recherchent un impact positif, une conformit\u00e9 r\u00e9glementaire et une r\u00e9putation en phase avec les exigences d&#8217;un avenir \u00e9lectrique plus propre.<\/p>\t\t\t\t\t\t\t\t<\/div>\n\t\t\t\t<\/div>\n\t\t\t\t<\/div>\n\t\t\t\t\t<\/div>\n\t\t\t\t<\/div>\n\t\t\t\t<\/div>\n\t\t","protected":false},"excerpt":{"rendered":"<p>Impact environnemental des transformateurs en Europe et en Espagne L&#8217;impact environnemental des transformateurs est devenu un facteur critique dans le processus d&#8217;\u00e9lectrification en Europe et en<span class=\"excerpt-hellip\"> [\u2026]<\/span><\/p>\n","protected":false},"author":3,"featured_media":16140,"comment_status":"closed","ping_status":"closed","sticky":false,"template":"elementor_header_footer","format":"standard","meta":{"_acf_changed":false,"footnotes":""},"categories":[605],"tags":[],"class_list":["post-16138","post","type-post","status-publish","format-standard","has-post-thumbnail","hentry","category-blog"],"acf":[],"yoast_head":"<!-- This site is optimized with the Yoast SEO plugin v27.2 - https:\/\/yoast.com\/product\/yoast-seo-wordpress\/ -->\n<title>L&#039;impact environnemental des transformateurs aujourd&#039;hui<\/title>\n<meta name=\"description\" content=\"D\u00e9couvrez comment r\u00e9duire l&#039;impact environnemental des transformateurs gr\u00e2ce aux solutions durables fabriqu\u00e9es en Europe par Torivac.\" \/>\n<meta name=\"robots\" content=\"index, follow, max-snippet:-1, max-image-preview:large, max-video-preview:-1\" \/>\n<link rel=\"canonical\" href=\"https:\/\/grupotorivac.com\/fr\/impacto-medioambiental-de-los-transformadores-hoy\/\" \/>\n<meta property=\"og:locale\" content=\"fr_FR\" \/>\n<meta property=\"og:type\" content=\"article\" \/>\n<meta property=\"og:title\" content=\"L&#039;impact environnemental des transformateurs aujourd&#039;hui\" \/>\n<meta property=\"og:description\" content=\"D\u00e9couvrez comment r\u00e9duire l&#039;impact environnemental des transformateurs gr\u00e2ce aux solutions durables fabriqu\u00e9es en Europe par Torivac.\" \/>\n<meta property=\"og:url\" content=\"https:\/\/grupotorivac.com\/fr\/impacto-medioambiental-de-los-transformadores-hoy\/\" \/>\n<meta property=\"og:site_name\" content=\"Torivac\" \/>\n<meta property=\"article:published_time\" content=\"2025-12-29T13:18:46+00:00\" \/>\n<meta property=\"article:modified_time\" content=\"2026-03-23T15:52:34+00:00\" \/>\n<meta property=\"og:image\" content=\"https:\/\/grupotorivac.com\/wp-content\/uploads\/2025\/12\/Transformador_medioambiental.jpg\" \/>\n\t<meta property=\"og:image:width\" content=\"1091\" \/>\n\t<meta property=\"og:image:height\" content=\"614\" \/>\n\t<meta property=\"og:image:type\" content=\"image\/jpeg\" \/>\n<meta name=\"author\" content=\"Franco Santiso\" \/>\n<meta name=\"twitter:card\" content=\"summary_large_image\" \/>\n<meta name=\"twitter:label1\" content=\"\u00c9crit par\" \/>\n\t<meta name=\"twitter:data1\" content=\"Franco Santiso\" \/>\n\t<meta name=\"twitter:label2\" content=\"Dur\u00e9e de lecture estim\u00e9e\" \/>\n\t<meta name=\"twitter:data2\" content=\"6 minutes\" \/>\n<script type=\"application\/ld+json\" class=\"yoast-schema-graph\">{\"@context\":\"https:\/\/schema.org\",\"@graph\":[{\"@type\":\"Article\",\"@id\":\"https:\/\/grupotorivac.com\/fr\/impacto-medioambiental-de-los-transformadores-hoy\/#article\",\"isPartOf\":{\"@id\":\"https:\/\/grupotorivac.com\/fr\/impacto-medioambiental-de-los-transformadores-hoy\/\"},\"author\":{\"name\":\"Franco Santiso\",\"@id\":\"https:\/\/grupotorivac.com\/#\/schema\/person\/66a7a9ac227ee4c0306e33ff34be3c24\"},\"headline\":\"L&#8217;impact environnemental des transformateurs aujourd&#8217;hui\",\"datePublished\":\"2025-12-29T13:18:46+00:00\",\"dateModified\":\"2026-03-23T15:52:34+00:00\",\"mainEntityOfPage\":{\"@id\":\"https:\/\/grupotorivac.com\/fr\/impacto-medioambiental-de-los-transformadores-hoy\/\"},\"wordCount\":1305,\"publisher\":{\"@id\":\"https:\/\/grupotorivac.com\/#organization\"},\"image\":{\"@id\":\"https:\/\/grupotorivac.com\/fr\/impacto-medioambiental-de-los-transformadores-hoy\/#primaryimage\"},\"thumbnailUrl\":\"https:\/\/grupotorivac.com\/wp-content\/uploads\/2025\/12\/Transformador_medioambiental.jpg\",\"articleSection\":[\"blog\"],\"inLanguage\":\"fr-FR\"},{\"@type\":\"WebPage\",\"@id\":\"https:\/\/grupotorivac.com\/fr\/impacto-medioambiental-de-los-transformadores-hoy\/\",\"url\":\"https:\/\/grupotorivac.com\/fr\/impacto-medioambiental-de-los-transformadores-hoy\/\",\"name\":\"L'impact environnemental des transformateurs aujourd'hui\",\"isPartOf\":{\"@id\":\"https:\/\/grupotorivac.com\/#website\"},\"primaryImageOfPage\":{\"@id\":\"https:\/\/grupotorivac.com\/fr\/impacto-medioambiental-de-los-transformadores-hoy\/#primaryimage\"},\"image\":{\"@id\":\"https:\/\/grupotorivac.com\/fr\/impacto-medioambiental-de-los-transformadores-hoy\/#primaryimage\"},\"thumbnailUrl\":\"https:\/\/grupotorivac.com\/wp-content\/uploads\/2025\/12\/Transformador_medioambiental.jpg\",\"datePublished\":\"2025-12-29T13:18:46+00:00\",\"dateModified\":\"2026-03-23T15:52:34+00:00\",\"description\":\"D\u00e9couvrez comment r\u00e9duire l'impact environnemental des transformateurs gr\u00e2ce aux solutions durables fabriqu\u00e9es en Europe par Torivac.\",\"breadcrumb\":{\"@id\":\"https:\/\/grupotorivac.com\/fr\/impacto-medioambiental-de-los-transformadores-hoy\/#breadcrumb\"},\"inLanguage\":\"fr-FR\",\"potentialAction\":[{\"@type\":\"ReadAction\",\"target\":[\"https:\/\/grupotorivac.com\/fr\/impacto-medioambiental-de-los-transformadores-hoy\/\"]}]},{\"@type\":\"ImageObject\",\"inLanguage\":\"fr-FR\",\"@id\":\"https:\/\/grupotorivac.com\/fr\/impacto-medioambiental-de-los-transformadores-hoy\/#primaryimage\",\"url\":\"https:\/\/grupotorivac.com\/wp-content\/uploads\/2025\/12\/Transformador_medioambiental.jpg\",\"contentUrl\":\"https:\/\/grupotorivac.com\/wp-content\/uploads\/2025\/12\/Transformador_medioambiental.jpg\",\"width\":1091,\"height\":614},{\"@type\":\"BreadcrumbList\",\"@id\":\"https:\/\/grupotorivac.com\/fr\/impacto-medioambiental-de-los-transformadores-hoy\/#breadcrumb\",\"itemListElement\":[{\"@type\":\"ListItem\",\"position\":1,\"name\":\"Portada\",\"item\":\"https:\/\/grupotorivac.com\/fr\/\"},{\"@type\":\"ListItem\",\"position\":2,\"name\":\"L&#8217;impact environnemental des transformateurs aujourd&#8217;hui\"}]},{\"@type\":\"WebSite\",\"@id\":\"https:\/\/grupotorivac.com\/#website\",\"url\":\"https:\/\/grupotorivac.com\/\",\"name\":\"Torivac\",\"description\":\"Especializados en dise\u00f1o y fabricaci\u00f3n de variados de tensi\u00f3n\",\"publisher\":{\"@id\":\"https:\/\/grupotorivac.com\/#organization\"},\"alternateName\":\"Torivac S.L\",\"potentialAction\":[{\"@type\":\"SearchAction\",\"target\":{\"@type\":\"EntryPoint\",\"urlTemplate\":\"https:\/\/grupotorivac.com\/?s={search_term_string}\"},\"query-input\":{\"@type\":\"PropertyValueSpecification\",\"valueRequired\":true,\"valueName\":\"search_term_string\"}}],\"inLanguage\":\"fr-FR\"},{\"@type\":\"Organization\",\"@id\":\"https:\/\/grupotorivac.com\/#organization\",\"name\":\"Torivac\",\"alternateName\":\"Torivac S.L\",\"url\":\"https:\/\/grupotorivac.com\/\",\"logo\":{\"@type\":\"ImageObject\",\"inLanguage\":\"fr-FR\",\"@id\":\"https:\/\/grupotorivac.com\/#\/schema\/logo\/image\/\",\"url\":\"https:\/\/grupotorivac.com\/wp-content\/uploads\/2025\/02\/Diseno-sin-titulo-73.png\",\"contentUrl\":\"https:\/\/grupotorivac.com\/wp-content\/uploads\/2025\/02\/Diseno-sin-titulo-73.png\",\"width\":250,\"height\":250,\"caption\":\"Torivac\"},\"image\":{\"@id\":\"https:\/\/grupotorivac.com\/#\/schema\/logo\/image\/\"}},{\"@type\":\"Person\",\"@id\":\"https:\/\/grupotorivac.com\/#\/schema\/person\/66a7a9ac227ee4c0306e33ff34be3c24\",\"name\":\"Franco Santiso\",\"image\":{\"@type\":\"ImageObject\",\"inLanguage\":\"fr-FR\",\"@id\":\"https:\/\/secure.gravatar.com\/avatar\/3e691e40ad87da5eb1e273b36578b364bae76a43c3de9c1754bae6b45966b3f4?s=96&d=mm&r=g\",\"url\":\"https:\/\/secure.gravatar.com\/avatar\/3e691e40ad87da5eb1e273b36578b364bae76a43c3de9c1754bae6b45966b3f4?s=96&d=mm&r=g\",\"contentUrl\":\"https:\/\/secure.gravatar.com\/avatar\/3e691e40ad87da5eb1e273b36578b364bae76a43c3de9c1754bae6b45966b3f4?s=96&d=mm&r=g\",\"caption\":\"Franco Santiso\"},\"url\":\"https:\/\/grupotorivac.com\/fr\/author\/francoadm\/\"}]}<\/script>\n<!-- \/ Yoast SEO plugin. -->","yoast_head_json":{"title":"L'impact environnemental des transformateurs aujourd'hui","description":"D\u00e9couvrez comment r\u00e9duire l'impact environnemental des transformateurs gr\u00e2ce aux solutions durables fabriqu\u00e9es en Europe par Torivac.","robots":{"index":"index","follow":"follow","max-snippet":"max-snippet:-1","max-image-preview":"max-image-preview:large","max-video-preview":"max-video-preview:-1"},"canonical":"https:\/\/grupotorivac.com\/fr\/impacto-medioambiental-de-los-transformadores-hoy\/","og_locale":"fr_FR","og_type":"article","og_title":"L'impact environnemental des transformateurs aujourd'hui","og_description":"D\u00e9couvrez comment r\u00e9duire l'impact environnemental des transformateurs gr\u00e2ce aux solutions durables fabriqu\u00e9es en Europe par Torivac.","og_url":"https:\/\/grupotorivac.com\/fr\/impacto-medioambiental-de-los-transformadores-hoy\/","og_site_name":"Torivac","article_published_time":"2025-12-29T13:18:46+00:00","article_modified_time":"2026-03-23T15:52:34+00:00","og_image":[{"width":1091,"height":614,"url":"https:\/\/grupotorivac.com\/wp-content\/uploads\/2025\/12\/Transformador_medioambiental.jpg","type":"image\/jpeg"}],"author":"Franco Santiso","twitter_card":"summary_large_image","twitter_misc":{"\u00c9crit par":"Franco Santiso","Dur\u00e9e de lecture estim\u00e9e":"6 minutes"},"schema":{"@context":"https:\/\/schema.org","@graph":[{"@type":"Article","@id":"https:\/\/grupotorivac.com\/fr\/impacto-medioambiental-de-los-transformadores-hoy\/#article","isPartOf":{"@id":"https:\/\/grupotorivac.com\/fr\/impacto-medioambiental-de-los-transformadores-hoy\/"},"author":{"name":"Franco Santiso","@id":"https:\/\/grupotorivac.com\/#\/schema\/person\/66a7a9ac227ee4c0306e33ff34be3c24"},"headline":"L&#8217;impact environnemental des transformateurs aujourd&#8217;hui","datePublished":"2025-12-29T13:18:46+00:00","dateModified":"2026-03-23T15:52:34+00:00","mainEntityOfPage":{"@id":"https:\/\/grupotorivac.com\/fr\/impacto-medioambiental-de-los-transformadores-hoy\/"},"wordCount":1305,"publisher":{"@id":"https:\/\/grupotorivac.com\/#organization"},"image":{"@id":"https:\/\/grupotorivac.com\/fr\/impacto-medioambiental-de-los-transformadores-hoy\/#primaryimage"},"thumbnailUrl":"https:\/\/grupotorivac.com\/wp-content\/uploads\/2025\/12\/Transformador_medioambiental.jpg","articleSection":["blog"],"inLanguage":"fr-FR"},{"@type":"WebPage","@id":"https:\/\/grupotorivac.com\/fr\/impacto-medioambiental-de-los-transformadores-hoy\/","url":"https:\/\/grupotorivac.com\/fr\/impacto-medioambiental-de-los-transformadores-hoy\/","name":"L'impact environnemental des transformateurs aujourd'hui","isPartOf":{"@id":"https:\/\/grupotorivac.com\/#website"},"primaryImageOfPage":{"@id":"https:\/\/grupotorivac.com\/fr\/impacto-medioambiental-de-los-transformadores-hoy\/#primaryimage"},"image":{"@id":"https:\/\/grupotorivac.com\/fr\/impacto-medioambiental-de-los-transformadores-hoy\/#primaryimage"},"thumbnailUrl":"https:\/\/grupotorivac.com\/wp-content\/uploads\/2025\/12\/Transformador_medioambiental.jpg","datePublished":"2025-12-29T13:18:46+00:00","dateModified":"2026-03-23T15:52:34+00:00","description":"D\u00e9couvrez comment r\u00e9duire l'impact environnemental des transformateurs gr\u00e2ce aux solutions durables fabriqu\u00e9es en Europe par Torivac.","breadcrumb":{"@id":"https:\/\/grupotorivac.com\/fr\/impacto-medioambiental-de-los-transformadores-hoy\/#breadcrumb"},"inLanguage":"fr-FR","potentialAction":[{"@type":"ReadAction","target":["https:\/\/grupotorivac.com\/fr\/impacto-medioambiental-de-los-transformadores-hoy\/"]}]},{"@type":"ImageObject","inLanguage":"fr-FR","@id":"https:\/\/grupotorivac.com\/fr\/impacto-medioambiental-de-los-transformadores-hoy\/#primaryimage","url":"https:\/\/grupotorivac.com\/wp-content\/uploads\/2025\/12\/Transformador_medioambiental.jpg","contentUrl":"https:\/\/grupotorivac.com\/wp-content\/uploads\/2025\/12\/Transformador_medioambiental.jpg","width":1091,"height":614},{"@type":"BreadcrumbList","@id":"https:\/\/grupotorivac.com\/fr\/impacto-medioambiental-de-los-transformadores-hoy\/#breadcrumb","itemListElement":[{"@type":"ListItem","position":1,"name":"Portada","item":"https:\/\/grupotorivac.com\/fr\/"},{"@type":"ListItem","position":2,"name":"L&#8217;impact environnemental des transformateurs aujourd&#8217;hui"}]},{"@type":"WebSite","@id":"https:\/\/grupotorivac.com\/#website","url":"https:\/\/grupotorivac.com\/","name":"Torivac","description":"Especializados en dise\u00f1o y fabricaci\u00f3n de variados de tensi\u00f3n","publisher":{"@id":"https:\/\/grupotorivac.com\/#organization"},"alternateName":"Torivac S.L","potentialAction":[{"@type":"SearchAction","target":{"@type":"EntryPoint","urlTemplate":"https:\/\/grupotorivac.com\/?s={search_term_string}"},"query-input":{"@type":"PropertyValueSpecification","valueRequired":true,"valueName":"search_term_string"}}],"inLanguage":"fr-FR"},{"@type":"Organization","@id":"https:\/\/grupotorivac.com\/#organization","name":"Torivac","alternateName":"Torivac S.L","url":"https:\/\/grupotorivac.com\/","logo":{"@type":"ImageObject","inLanguage":"fr-FR","@id":"https:\/\/grupotorivac.com\/#\/schema\/logo\/image\/","url":"https:\/\/grupotorivac.com\/wp-content\/uploads\/2025\/02\/Diseno-sin-titulo-73.png","contentUrl":"https:\/\/grupotorivac.com\/wp-content\/uploads\/2025\/02\/Diseno-sin-titulo-73.png","width":250,"height":250,"caption":"Torivac"},"image":{"@id":"https:\/\/grupotorivac.com\/#\/schema\/logo\/image\/"}},{"@type":"Person","@id":"https:\/\/grupotorivac.com\/#\/schema\/person\/66a7a9ac227ee4c0306e33ff34be3c24","name":"Franco Santiso","image":{"@type":"ImageObject","inLanguage":"fr-FR","@id":"https:\/\/secure.gravatar.com\/avatar\/3e691e40ad87da5eb1e273b36578b364bae76a43c3de9c1754bae6b45966b3f4?s=96&d=mm&r=g","url":"https:\/\/secure.gravatar.com\/avatar\/3e691e40ad87da5eb1e273b36578b364bae76a43c3de9c1754bae6b45966b3f4?s=96&d=mm&r=g","contentUrl":"https:\/\/secure.gravatar.com\/avatar\/3e691e40ad87da5eb1e273b36578b364bae76a43c3de9c1754bae6b45966b3f4?s=96&d=mm&r=g","caption":"Franco Santiso"},"url":"https:\/\/grupotorivac.com\/fr\/author\/francoadm\/"}]}},"_links":{"self":[{"href":"https:\/\/grupotorivac.com\/fr\/wp-json\/wp\/v2\/posts\/16138","targetHints":{"allow":["GET"]}}],"collection":[{"href":"https:\/\/grupotorivac.com\/fr\/wp-json\/wp\/v2\/posts"}],"about":[{"href":"https:\/\/grupotorivac.com\/fr\/wp-json\/wp\/v2\/types\/post"}],"author":[{"embeddable":true,"href":"https:\/\/grupotorivac.com\/fr\/wp-json\/wp\/v2\/users\/3"}],"replies":[{"embeddable":true,"href":"https:\/\/grupotorivac.com\/fr\/wp-json\/wp\/v2\/comments?post=16138"}],"version-history":[{"count":1,"href":"https:\/\/grupotorivac.com\/fr\/wp-json\/wp\/v2\/posts\/16138\/revisions"}],"predecessor-version":[{"id":16142,"href":"https:\/\/grupotorivac.com\/fr\/wp-json\/wp\/v2\/posts\/16138\/revisions\/16142"}],"wp:featuredmedia":[{"embeddable":true,"href":"https:\/\/grupotorivac.com\/fr\/wp-json\/wp\/v2\/media\/16140"}],"wp:attachment":[{"href":"https:\/\/grupotorivac.com\/fr\/wp-json\/wp\/v2\/media?parent=16138"}],"wp:term":[{"taxonomy":"category","embeddable":true,"href":"https:\/\/grupotorivac.com\/fr\/wp-json\/wp\/v2\/categories?post=16138"},{"taxonomy":"post_tag","embeddable":true,"href":"https:\/\/grupotorivac.com\/fr\/wp-json\/wp\/v2\/tags?post=16138"}],"curies":[{"name":"wp","href":"https:\/\/api.w.org\/{rel}","templated":true}]}}