{"id":16071,"date":"2024-11-18T15:44:09","date_gmt":"2024-11-18T15:44:09","guid":{"rendered":"https:\/\/grupotorivac.com\/torivac-en-beyond-catalonia\/"},"modified":"2026-03-23T15:57:11","modified_gmt":"2026-03-23T15:57:11","slug":"torivac-en-beyond-catalonia","status":"publish","type":"post","link":"https:\/\/grupotorivac.com\/fr\/torivac-en-beyond-catalonia\/","title":{"rendered":"Torivac dans l&#8217;au-del\u00e0 de la Catalogne"},"content":{"rendered":"\t\t<div data-elementor-type=\"wp-post\" data-elementor-id=\"16071\" class=\"elementor elementor-16071 elementor-8414\" data-elementor-post-type=\"post\">\n\t\t\t\t<div class=\"elementor-element elementor-element-157fc7e e-flex e-con-boxed e-con e-parent\" data-id=\"157fc7e\" data-element_type=\"container\" data-e-type=\"container\">\n\t\t\t\t\t<div class=\"e-con-inner\">\n\t\t<div class=\"elementor-element elementor-element-60b21fbd e-con-full e-flex e-con e-child\" data-id=\"60b21fbd\" data-element_type=\"container\" data-e-type=\"container\">\n\t\t\t\t<div class=\"elementor-element elementor-element-448816a5 elementor-hidden-desktop elementor-hidden-tablet elementor-hidden-mobile elementor-widget elementor-widget-html\" data-id=\"448816a5\" data-element_type=\"widget\" data-e-type=\"widget\" data-widget_type=\"html.default\">\n\t\t\t\t<div class=\"elementor-widget-container\">\n\t\t\t\t\t<style>\/* Contenedor de la imagen *\/\n#header_image .elementor-widget-container {\n  width: 100%;\n  aspect-ratio: 16 \/ 4;\n  overflow: hidden;\n}\n\n\/* Imagen *\/\n#header_image .elementor-widget-container img {\n  width: 100%;\n  height: 100%;\n  object-fit: cover;\n  display: block;\n  object-position: 50% 20%;\n}\n \n.elementor-shortcode h2 {\n    font-family: \"Advent Pro\", Sans-serif;\n    font-size: 42px;\n    color: #ba6b1e;\n}\n<\/style>\t\t\t\t<\/div>\n\t\t\t\t<\/div>\n\t\t<div class=\"elementor-element elementor-element-23cb85ae e-con-full e-flex e-con e-child\" data-id=\"23cb85ae\" data-element_type=\"container\" data-e-type=\"container\" id=\"header_image\">\n\t\t\t\t<div class=\"elementor-element elementor-element-1b170ee3 elementor-widget elementor-widget-image\" data-id=\"1b170ee3\" data-element_type=\"widget\" data-e-type=\"widget\" data-widget_type=\"image.default\">\n\t\t\t\t<div class=\"elementor-widget-container\">\n\t\t\t\t\t\t\t\t\t\t\t\t\t\t\t<img fetchpriority=\"high\" decoding=\"async\" width=\"1800\" height=\"1200\" src=\"https:\/\/grupotorivac.com\/wp-content\/uploads\/2024\/11\/beyond-catalonia.jpg\" class=\"attachment-2048x2048 size-2048x2048 wp-image-8417\" alt=\"Torivac, au-del\u00e0 de la Catalogne, nous concr\u00e9tisons des alliances et des strat\u00e9gies d&#039;expansion sur les march\u00e9s internationaux depuis le World Trade Center de Barcelone.\" srcset=\"https:\/\/grupotorivac.com\/wp-content\/uploads\/2024\/11\/beyond-catalonia.jpg 1800w, https:\/\/grupotorivac.com\/wp-content\/uploads\/2024\/11\/beyond-catalonia-300x200.jpg 300w, https:\/\/grupotorivac.com\/wp-content\/uploads\/2024\/11\/beyond-catalonia-1024x683.jpg 1024w, https:\/\/grupotorivac.com\/wp-content\/uploads\/2024\/11\/beyond-catalonia-768x512.jpg 768w, https:\/\/grupotorivac.com\/wp-content\/uploads\/2024\/11\/beyond-catalonia-1536x1024.jpg 1536w, https:\/\/grupotorivac.com\/wp-content\/uploads\/2024\/11\/beyond-catalonia-219x146.jpg 219w, https:\/\/grupotorivac.com\/wp-content\/uploads\/2024\/11\/beyond-catalonia-50x33.jpg 50w, https:\/\/grupotorivac.com\/wp-content\/uploads\/2024\/11\/beyond-catalonia-113x75.jpg 113w, https:\/\/grupotorivac.com\/wp-content\/uploads\/2024\/11\/beyond-catalonia-600x400.jpg 600w\" sizes=\"(max-width: 1800px) 100vw, 1800px\" \/>\t\t\t\t\t\t\t\t\t\t\t\t\t\t\t<\/div>\n\t\t\t\t<\/div>\n\t\t\t\t<\/div>\n\t\t\t\t<div class=\"elementor-element elementor-element-190f7bdc elementor-widget elementor-widget-shortcode\" data-id=\"190f7bdc\" data-element_type=\"widget\" data-e-type=\"widget\" data-widget_type=\"shortcode.default\">\n\t\t\t\t<div class=\"elementor-widget-container\">\n\t\t\t\t\t\t\t<div class=\"elementor-shortcode\"><h2>Torivac dans l&#8217;au-del\u00e0 de la Catalogne<\/h2>\n<\/div>\n\t\t\t\t\t\t<\/div>\n\t\t\t\t<\/div>\n\t\t\t\t<\/div>\n\t\t<div class=\"elementor-element elementor-element-6229e4de e-con-full e-flex e-con e-child\" data-id=\"6229e4de\" data-element_type=\"container\" data-e-type=\"container\">\n\t\t\t\t<div class=\"elementor-element elementor-element-1f15454f elementor-widget elementor-widget-text-editor\" data-id=\"1f15454f\" data-element_type=\"widget\" data-e-type=\"widget\" data-widget_type=\"text-editor.default\">\n\t\t\t\t<div class=\"elementor-widget-container\">\n\t\t\t\t\t\t\t\t\t<h3>Au-del\u00e0 de la Catalogne, les portes du commerce mondial s&#8217;ouvrent<\/h3><p>Torivac sera pr\u00e9sent \u00e0 l&#8217;\u00e9v\u00e9nement Beyond Catalona organis\u00e9 par ACCI\u00d3 &#8211; Ag\u00e8ncia per la Competitivitat de l&#8217;Empresa.<\/p><p>Beyond Catalonia for Torivac a repr\u00e9sent\u00e9 une opportunit\u00e9 strat\u00e9gique pour renforcer notre pr\u00e9sence sur les march\u00e9s internationaux. Cet \u00e9v\u00e9nement, organis\u00e9 par ACCI\u00d3 &#8211; Ag\u00e8ncia per la Competitivitat de l&#8217;Empresa, s&#8217;est tenu au World Trade Center de Barcelone et s&#8217;est impos\u00e9 comme le principal point de rencontre des entreprises catalanes ayant une vision globale. Beyond Catalonia est l&#8217;\u00e9volution de plus de 30 \u00e9ditions de la Semaine de l&#8217;internationalisation et continue d&#8217;\u00eatre une plateforme essentielle pour explorer de nouvelles opportunit\u00e9s d&#8217;affaires dans un environnement hautement comp\u00e9titif.  <\/p><p>Participer \u00e0 des \u00e9v\u00e9nements de cette ampleur nous permet non seulement d&#8217;\u00e9largir notre r\u00e9seau de contacts, mais aussi d&#8217;obtenir des informations pr\u00e9cieuses sur les tendances, les r\u00e9glementations et les demandes du march\u00e9 international. Chez Torivac, nous savons que l&#8217;innovation et l&#8217;expansion sont fondamentales pour continuer \u00e0 offrir des solutions de qualit\u00e9 en mati\u00e8re de r\u00e9gulation de tension et de transformation \u00e9lectrique. <\/p>\t\t\t\t\t\t\t\t<\/div>\n\t\t\t\t<\/div>\n\t\t\t\t<div class=\"elementor-element elementor-element-684f080 elementor-widget elementor-widget-text-editor\" data-id=\"684f080\" data-element_type=\"widget\" data-e-type=\"widget\" data-widget_type=\"text-editor.default\">\n\t\t\t\t<div class=\"elementor-widget-container\">\n\t\t\t\t\t\t\t\t\t<h3><span style=\"font-family: 'PT Sans', Helvetica, Arial, sans-serif; font-size: 26px; font-weight: 600;\">Qu&#8217;est-ce que l&#8217;au-del\u00e0 de la Catalogne ?<\/span><\/h3><p>Beyond Catalonia est un \u00e9v\u00e9nement commercial organis\u00e9 par ACCI\u00d3 &#8211; Ag\u00e8ncia per la Competitivitat de l&#8217;Empresa, qui vise \u00e0 stimuler l&#8217;internationalisation des entreprises catalanes. Ce forum r\u00e9unit des entreprises, des experts en commerce ext\u00e9rieur et des repr\u00e9sentants de march\u00e9s internationaux afin d&#8217;explorer de nouvelles opportunit\u00e9s d&#8217;affaires, d&#8217;analyser les tendances mondiales et de faciliter les connexions avec des partenaires strat\u00e9giques. <\/p>\t\t\t\t\t\t\t\t<\/div>\n\t\t\t\t<\/div>\n\t\t\t\t<div class=\"elementor-element elementor-element-7088820 elementor-widget elementor-widget-text-editor\" data-id=\"7088820\" data-element_type=\"widget\" data-e-type=\"widget\" data-widget_type=\"text-editor.default\">\n\t\t\t\t<div class=\"elementor-widget-container\">\n\t\t\t\t\t\t\t\t\t<h3><span style=\"font-family: 'PT Sans', Helvetica, Arial, sans-serif; font-size: 26px; font-weight: 600;\">L&#8217;IA pour la gestion du commerce et l&#8217;expansion internationale, parmi les principaux sujets abord\u00e9s<\/span><\/h3><p>L&#8217;un des th\u00e8mes centraux \u00e9tait l&#8217;importance de cr\u00e9er une unit\u00e9 internationale d&#8217;intelligence \u00e9conomique, fournissant des m\u00e9thodologies pour analyser les tendances et les opportunit\u00e9s dans diff\u00e9rents secteurs. Nous avons discut\u00e9 de l&#8217;efficacit\u00e9 de Google Ads en tant que canal num\u00e9rique pour l&#8217;acquisition de clients sur de nouveaux march\u00e9s, en \u00e9valuant sa rentabilit\u00e9 et sa segmentation. <br>D&#8217;autre part, l&#8217;intelligence artificielle a jou\u00e9 un r\u00f4le pr\u00e9pond\u00e9rant avec la pr\u00e9sentation de l&#8217;IA dans la gestion du commerce international B2B, o\u00f9 ses applications dans l&#8217;automatisation et l&#8217;optimisation des processus commerciaux ont \u00e9t\u00e9 explor\u00e9es.<br>En outre, nous avons \u00e9galement abord\u00e9 le concept du parcours du client (le processus par lequel un client d\u00e9couvre une entreprise et effectue un achat, puis devient un client r\u00e9current) et son internationalisation, ainsi que la mani\u00e8re de structurer un plan de promotion efficace.<br>Nous avons pr\u00e9sent\u00e9 divers outils de financement et de soutien officiel aux exportateurs, facilitant l&#8217;acc\u00e8s aux ressources cl\u00e9s qui stimulent l&#8217;expansion internationale des entreprises. L&#8217;internationalisation n\u00e9cessite des ressources \u00e9conomiques et strat\u00e9giques pour relever les d\u00e9fis du commerce ext\u00e9rieur, depuis l&#8217;investissement initial dans la promotion et la distribution jusqu&#8217;\u00e0 la gestion des risques financiers associ\u00e9s aux transactions mondiales.<br>Un autre point essentiel est l&#8217;acc\u00e8s \u00e0 des plateformes d&#8217;information et \u00e0 des conseils sp\u00e9cialis\u00e9s, tels que ceux offerts par ACCI\u00d3 et la Chambre de commerce, qui fournissent des \u00e9tudes de march\u00e9, des missions commerciales et des conseils personnalis\u00e9s sur les aspects juridiques, fiscaux et logistiques. Ces outils permettent aux entreprises de r\u00e9duire la courbe d&#8217;apprentissage sur les march\u00e9s \u00e9trangers et d&#8217;optimiser leur strat\u00e9gie d&#8217;entr\u00e9e.  <\/p>\t\t\t\t\t\t\t\t<\/div>\n\t\t\t\t<\/div>\n\t\t\t\t<div class=\"elementor-element elementor-element-13e26b9 elementor-widget elementor-widget-text-editor\" data-id=\"13e26b9\" data-element_type=\"widget\" data-e-type=\"widget\" data-widget_type=\"text-editor.default\">\n\t\t\t\t<div class=\"elementor-widget-container\">\n\t\t\t\t\t\t\t\t\t<h3><span style=\"font-family: 'PT Sans', Helvetica, Arial, sans-serif; font-size: 26px; font-weight: 600;\">Consolider une nouvelle strat\u00e9gie d&#8217;expansion<\/span><\/h3><p>L&#8217;exp\u00e9rience de Torivac en Europe a prouv\u00e9 la grande valeur de nos produits, tels que les variateurs de tension, les transformateurs toro\u00efdaux, les autotransformateurs et les bancs de charge. Notre technologie a jou\u00e9 un r\u00f4le cl\u00e9 dans de nombreuses industries, garantissant une alimentation \u00e9lectrique stable et efficace. Cependant, la croissance ne conna\u00eet pas de fronti\u00e8res et nous sommes pr\u00eats \u00e0 passer \u00e0 l&#8217;\u00e9tape suivante.  <\/p><p>Au-del\u00e0 de la Catalogne, nous avons eu l&#8217;occasion d&#8217;explorer les march\u00e9s \u00e9mergents et de renforcer notre pr\u00e9sence en dehors de l&#8217;Europe. L&#8217;une de nos principales cibles potentielles est l&#8217;Am\u00e9rique, qui conna\u00eet une demande croissante de solutions de r\u00e9gulation de tension dans les secteurs industriel, technologique et \u00e9nerg\u00e9tique. Notre objectif est d&#8217;apporter notre exp\u00e9rience et notre qualit\u00e9 aux entreprises qui cherchent \u00e0 optimiser leur infrastructure \u00e9lectrique avec des produits efficaces et adapt\u00e9s \u00e0 leurs besoins.<br>Cette r\u00e9union nous a fourni les outils et les connaissances n\u00e9cessaires pour concevoir une strat\u00e9gie d&#8217;internationalisation efficace. Nous avons pu nous mettre en contact avec des experts en commerce ext\u00e9rieur, analyser les tendances mondiales et d\u00e9finir la meilleure fa\u00e7on de consolider notre expansion.<br>En tant qu&#8217;entreprise avec de nombreuses ann\u00e9es d&#8217;exp\u00e9rience, nous pensons que la cl\u00e9 du succ\u00e8s r\u00e9side dans la pr\u00e9paration et la capacit\u00e9 \u00e0 s&#8217;adapter \u00e0 de nouveaux environnements. Beyond Catalonia est le sc\u00e9nario id\u00e9al pour renforcer nos fondations et nous orienter r\u00e9solument vers un avenir global. Nous sommes convaincus que cet \u00e9v\u00e9nement nous permettra de poursuivre notre croissance et d&#8217;offrir des solutions innovantes et de nouvelles alliances \u00e0 un plus grand nombre de clients dans le monde entier.     <\/p>\t\t\t\t\t\t\t\t<\/div>\n\t\t\t\t<\/div>\n\t\t\t\t<div class=\"elementor-element elementor-element-f2533bb elementor-widget elementor-widget-text-editor\" data-id=\"f2533bb\" data-element_type=\"widget\" data-e-type=\"widget\" data-widget_type=\"text-editor.default\">\n\t\t\t\t<div class=\"elementor-widget-container\">\n\t\t\t\t\t\t\t\t\t<h3><span style=\"font-family: 'PT Sans', Helvetica, Arial, sans-serif; font-size: 26px; font-weight: 600;\">Torivac est une entreprise sp\u00e9cialis\u00e9e dans la conception et la fabrication de transformateurs toro\u00efdaux et de variateurs de tension.<\/span><\/h3><p>Nous avons pr\u00e8s de 60 ans d&#8217;exp\u00e9rience dans le secteur, ce qui nous a permis d&#8217;\u00eatre pr\u00e9sents dans plus de 30 pays.<br>Nous disposons d&#8217;une \u00e9quipe technique qui garantit la fabrication de dispositifs de haute pr\u00e9cision et efficaces. Notre m\u00e9thodologie de travail nous permet d&#8217;effectuer des simulations avanc\u00e9es \u00e0 chaque \u00e9tape de chaque projet, en garantissant que chaque composant, qu&#8217;il s&#8217;agisse de variateurs de tension toro\u00efdaux, de transformateurs de r\u00e9gulation, de d\u00e9chargeurs de batterie, de potentiom\u00e8tres ou de noyaux toro\u00efdaux, r\u00e9ponde aux normes les plus \u00e9lev\u00e9es du secteur.<br>Nous travaillons en \u00e9troite collaboration avec des entreprises qui disposent d&#8217;une grande infrastructure, afin de garantir des solutions personnalis\u00e9es et efficaces. Nous visons \u00e0 r\u00e9pondre aux demandes d&#8217;industries telles que la technologie, l&#8217;\u00e9nergie et l&#8217;automobile. Notre objectif est de continuer \u00e0 innover, de renforcer les alliances strat\u00e9giques et d&#8217;\u00e9tendre notre port\u00e9e mondiale, en maintenant toujours le label de qualit\u00e9 et d&#8217;excellence qui nous caract\u00e9rise depuis nos d\u00e9buts.   <\/p><p>Si cet article vous a int\u00e9ress\u00e9 et que vous souhaitez en savoir plus, n&#8217;h\u00e9sitez pas \u00e0 consulter le <a href=\"https:\/\/grupotorivac.com\/fr\/\" target=\"_blank\" rel=\"noopener\"><strong>le site web de Torivac<\/strong><\/a>.<\/p><p>Nous nous r\u00e9jouissons de vous accueillir !<\/p>\t\t\t\t\t\t\t\t<\/div>\n\t\t\t\t<\/div>\n\t\t\t\t<\/div>\n\t\t\t\t\t<\/div>\n\t\t\t\t<\/div>\n\t\t\t\t<\/div>\n\t\t","protected":false},"excerpt":{"rendered":"<p>Au-del\u00e0 de la Catalogne, les portes du commerce mondial s&#8217;ouvrent Torivac sera pr\u00e9sent \u00e0 l&#8217;\u00e9v\u00e9nement Beyond Catalona organis\u00e9 par ACCI\u00d3 &#8211; Ag\u00e8ncia per la Competitivitat de<span class=\"excerpt-hellip\"> [\u2026]<\/span><\/p>\n","protected":false},"author":3,"featured_media":10101,"comment_status":"closed","ping_status":"closed","sticky":false,"template":"elementor_header_footer","format":"standard","meta":{"_acf_changed":false,"footnotes":""},"categories":[605],"tags":[],"class_list":["post-16071","post","type-post","status-publish","format-standard","has-post-thumbnail","hentry","category-blog"],"acf":[],"yoast_head":"<!-- This site is optimized with the Yoast SEO plugin v27.2 - https:\/\/yoast.com\/product\/yoast-seo-wordpress\/ -->\n<title>Torivac dans l&#039;au-del\u00e0 de la Catalogne - Torivac<\/title>\n<meta name=\"description\" content=\"Torivac \u00e9tait pr\u00e9sent \u00e0 Beyond Catalonia. Nous avons conclu de nouvelles opportunit\u00e9s d&#039;affaires avec des entreprises locales et internationales.\" \/>\n<meta name=\"robots\" content=\"index, follow, max-snippet:-1, max-image-preview:large, max-video-preview:-1\" \/>\n<link rel=\"canonical\" href=\"https:\/\/grupotorivac.com\/fr\/torivac-en-beyond-catalonia\/\" \/>\n<meta property=\"og:locale\" content=\"fr_FR\" \/>\n<meta property=\"og:type\" content=\"article\" \/>\n<meta property=\"og:title\" content=\"Torivac dans l&#039;au-del\u00e0 de la Catalogne - Torivac\" \/>\n<meta property=\"og:description\" content=\"Torivac \u00e9tait pr\u00e9sent \u00e0 Beyond Catalonia. Nous avons conclu de nouvelles opportunit\u00e9s d&#039;affaires avec des entreprises locales et internationales.\" \/>\n<meta property=\"og:url\" content=\"https:\/\/grupotorivac.com\/fr\/torivac-en-beyond-catalonia\/\" \/>\n<meta property=\"og:site_name\" content=\"Torivac\" \/>\n<meta property=\"article:published_time\" content=\"2024-11-18T15:44:09+00:00\" \/>\n<meta property=\"article:modified_time\" content=\"2026-03-23T15:57:11+00:00\" \/>\n<meta property=\"og:image\" content=\"https:\/\/grupotorivac.com\/wp-content\/uploads\/2024\/11\/beyond-catalonia.jpg\" \/>\n\t<meta property=\"og:image:width\" content=\"1800\" \/>\n\t<meta property=\"og:image:height\" content=\"1200\" \/>\n\t<meta property=\"og:image:type\" content=\"image\/jpeg\" \/>\n<meta name=\"author\" content=\"Franco Santiso\" \/>\n<meta name=\"twitter:card\" content=\"summary_large_image\" \/>\n<meta name=\"twitter:label1\" content=\"\u00c9crit par\" \/>\n\t<meta name=\"twitter:data1\" content=\"Franco Santiso\" \/>\n\t<meta name=\"twitter:label2\" content=\"Dur\u00e9e de lecture estim\u00e9e\" \/>\n\t<meta name=\"twitter:data2\" content=\"5 minutes\" \/>\n<script type=\"application\/ld+json\" class=\"yoast-schema-graph\">{\"@context\":\"https:\/\/schema.org\",\"@graph\":[{\"@type\":\"Article\",\"@id\":\"https:\/\/grupotorivac.com\/fr\/torivac-en-beyond-catalonia\/#article\",\"isPartOf\":{\"@id\":\"https:\/\/grupotorivac.com\/fr\/torivac-en-beyond-catalonia\/\"},\"author\":{\"name\":\"Franco Santiso\",\"@id\":\"https:\/\/grupotorivac.com\/#\/schema\/person\/66a7a9ac227ee4c0306e33ff34be3c24\"},\"headline\":\"Torivac dans l&#8217;au-del\u00e0 de la Catalogne\",\"datePublished\":\"2024-11-18T15:44:09+00:00\",\"dateModified\":\"2026-03-23T15:57:11+00:00\",\"mainEntityOfPage\":{\"@id\":\"https:\/\/grupotorivac.com\/fr\/torivac-en-beyond-catalonia\/\"},\"wordCount\":1143,\"publisher\":{\"@id\":\"https:\/\/grupotorivac.com\/#organization\"},\"image\":{\"@id\":\"https:\/\/grupotorivac.com\/fr\/torivac-en-beyond-catalonia\/#primaryimage\"},\"thumbnailUrl\":\"https:\/\/grupotorivac.com\/wp-content\/uploads\/2024\/11\/beyond-catalonia.jpg\",\"articleSection\":[\"blog\"],\"inLanguage\":\"fr-FR\"},{\"@type\":\"WebPage\",\"@id\":\"https:\/\/grupotorivac.com\/fr\/torivac-en-beyond-catalonia\/\",\"url\":\"https:\/\/grupotorivac.com\/fr\/torivac-en-beyond-catalonia\/\",\"name\":\"Torivac dans l'au-del\u00e0 de la Catalogne - Torivac\",\"isPartOf\":{\"@id\":\"https:\/\/grupotorivac.com\/#website\"},\"primaryImageOfPage\":{\"@id\":\"https:\/\/grupotorivac.com\/fr\/torivac-en-beyond-catalonia\/#primaryimage\"},\"image\":{\"@id\":\"https:\/\/grupotorivac.com\/fr\/torivac-en-beyond-catalonia\/#primaryimage\"},\"thumbnailUrl\":\"https:\/\/grupotorivac.com\/wp-content\/uploads\/2024\/11\/beyond-catalonia.jpg\",\"datePublished\":\"2024-11-18T15:44:09+00:00\",\"dateModified\":\"2026-03-23T15:57:11+00:00\",\"description\":\"Torivac \u00e9tait pr\u00e9sent \u00e0 Beyond Catalonia. Nous avons conclu de nouvelles opportunit\u00e9s d'affaires avec des entreprises locales et internationales.\",\"breadcrumb\":{\"@id\":\"https:\/\/grupotorivac.com\/fr\/torivac-en-beyond-catalonia\/#breadcrumb\"},\"inLanguage\":\"fr-FR\",\"potentialAction\":[{\"@type\":\"ReadAction\",\"target\":[\"https:\/\/grupotorivac.com\/fr\/torivac-en-beyond-catalonia\/\"]}]},{\"@type\":\"ImageObject\",\"inLanguage\":\"fr-FR\",\"@id\":\"https:\/\/grupotorivac.com\/fr\/torivac-en-beyond-catalonia\/#primaryimage\",\"url\":\"https:\/\/grupotorivac.com\/wp-content\/uploads\/2024\/11\/beyond-catalonia.jpg\",\"contentUrl\":\"https:\/\/grupotorivac.com\/wp-content\/uploads\/2024\/11\/beyond-catalonia.jpg\",\"width\":1800,\"height\":1200,\"caption\":\"Torivac in Katalonien, konkretisieren wir vom World Trade Center in Barcelona aus Allianzen und Expansionsstrategien auf internationalen M\u00e4rkten.\"},{\"@type\":\"BreadcrumbList\",\"@id\":\"https:\/\/grupotorivac.com\/fr\/torivac-en-beyond-catalonia\/#breadcrumb\",\"itemListElement\":[{\"@type\":\"ListItem\",\"position\":1,\"name\":\"Portada\",\"item\":\"https:\/\/grupotorivac.com\/fr\/\"},{\"@type\":\"ListItem\",\"position\":2,\"name\":\"Torivac dans l&#8217;au-del\u00e0 de la Catalogne\"}]},{\"@type\":\"WebSite\",\"@id\":\"https:\/\/grupotorivac.com\/#website\",\"url\":\"https:\/\/grupotorivac.com\/\",\"name\":\"Torivac\",\"description\":\"Especializados en dise\u00f1o y fabricaci\u00f3n de variados de tensi\u00f3n\",\"publisher\":{\"@id\":\"https:\/\/grupotorivac.com\/#organization\"},\"alternateName\":\"Torivac S.L\",\"potentialAction\":[{\"@type\":\"SearchAction\",\"target\":{\"@type\":\"EntryPoint\",\"urlTemplate\":\"https:\/\/grupotorivac.com\/?s={search_term_string}\"},\"query-input\":{\"@type\":\"PropertyValueSpecification\",\"valueRequired\":true,\"valueName\":\"search_term_string\"}}],\"inLanguage\":\"fr-FR\"},{\"@type\":\"Organization\",\"@id\":\"https:\/\/grupotorivac.com\/#organization\",\"name\":\"Torivac\",\"alternateName\":\"Torivac S.L\",\"url\":\"https:\/\/grupotorivac.com\/\",\"logo\":{\"@type\":\"ImageObject\",\"inLanguage\":\"fr-FR\",\"@id\":\"https:\/\/grupotorivac.com\/#\/schema\/logo\/image\/\",\"url\":\"https:\/\/grupotorivac.com\/wp-content\/uploads\/2025\/02\/Diseno-sin-titulo-73.png\",\"contentUrl\":\"https:\/\/grupotorivac.com\/wp-content\/uploads\/2025\/02\/Diseno-sin-titulo-73.png\",\"width\":250,\"height\":250,\"caption\":\"Torivac\"},\"image\":{\"@id\":\"https:\/\/grupotorivac.com\/#\/schema\/logo\/image\/\"}},{\"@type\":\"Person\",\"@id\":\"https:\/\/grupotorivac.com\/#\/schema\/person\/66a7a9ac227ee4c0306e33ff34be3c24\",\"name\":\"Franco Santiso\",\"image\":{\"@type\":\"ImageObject\",\"inLanguage\":\"fr-FR\",\"@id\":\"https:\/\/secure.gravatar.com\/avatar\/3e691e40ad87da5eb1e273b36578b364bae76a43c3de9c1754bae6b45966b3f4?s=96&d=mm&r=g\",\"url\":\"https:\/\/secure.gravatar.com\/avatar\/3e691e40ad87da5eb1e273b36578b364bae76a43c3de9c1754bae6b45966b3f4?s=96&d=mm&r=g\",\"contentUrl\":\"https:\/\/secure.gravatar.com\/avatar\/3e691e40ad87da5eb1e273b36578b364bae76a43c3de9c1754bae6b45966b3f4?s=96&d=mm&r=g\",\"caption\":\"Franco Santiso\"},\"url\":\"https:\/\/grupotorivac.com\/fr\/author\/francoadm\/\"}]}<\/script>\n<!-- \/ Yoast SEO plugin. -->","yoast_head_json":{"title":"Torivac dans l'au-del\u00e0 de la Catalogne - Torivac","description":"Torivac \u00e9tait pr\u00e9sent \u00e0 Beyond Catalonia. Nous avons conclu de nouvelles opportunit\u00e9s d'affaires avec des entreprises locales et internationales.","robots":{"index":"index","follow":"follow","max-snippet":"max-snippet:-1","max-image-preview":"max-image-preview:large","max-video-preview":"max-video-preview:-1"},"canonical":"https:\/\/grupotorivac.com\/fr\/torivac-en-beyond-catalonia\/","og_locale":"fr_FR","og_type":"article","og_title":"Torivac dans l'au-del\u00e0 de la Catalogne - Torivac","og_description":"Torivac \u00e9tait pr\u00e9sent \u00e0 Beyond Catalonia. Nous avons conclu de nouvelles opportunit\u00e9s d'affaires avec des entreprises locales et internationales.","og_url":"https:\/\/grupotorivac.com\/fr\/torivac-en-beyond-catalonia\/","og_site_name":"Torivac","article_published_time":"2024-11-18T15:44:09+00:00","article_modified_time":"2026-03-23T15:57:11+00:00","og_image":[{"width":1800,"height":1200,"url":"https:\/\/grupotorivac.com\/wp-content\/uploads\/2024\/11\/beyond-catalonia.jpg","type":"image\/jpeg"}],"author":"Franco Santiso","twitter_card":"summary_large_image","twitter_misc":{"\u00c9crit par":"Franco Santiso","Dur\u00e9e de lecture estim\u00e9e":"5 minutes"},"schema":{"@context":"https:\/\/schema.org","@graph":[{"@type":"Article","@id":"https:\/\/grupotorivac.com\/fr\/torivac-en-beyond-catalonia\/#article","isPartOf":{"@id":"https:\/\/grupotorivac.com\/fr\/torivac-en-beyond-catalonia\/"},"author":{"name":"Franco Santiso","@id":"https:\/\/grupotorivac.com\/#\/schema\/person\/66a7a9ac227ee4c0306e33ff34be3c24"},"headline":"Torivac dans l&#8217;au-del\u00e0 de la Catalogne","datePublished":"2024-11-18T15:44:09+00:00","dateModified":"2026-03-23T15:57:11+00:00","mainEntityOfPage":{"@id":"https:\/\/grupotorivac.com\/fr\/torivac-en-beyond-catalonia\/"},"wordCount":1143,"publisher":{"@id":"https:\/\/grupotorivac.com\/#organization"},"image":{"@id":"https:\/\/grupotorivac.com\/fr\/torivac-en-beyond-catalonia\/#primaryimage"},"thumbnailUrl":"https:\/\/grupotorivac.com\/wp-content\/uploads\/2024\/11\/beyond-catalonia.jpg","articleSection":["blog"],"inLanguage":"fr-FR"},{"@type":"WebPage","@id":"https:\/\/grupotorivac.com\/fr\/torivac-en-beyond-catalonia\/","url":"https:\/\/grupotorivac.com\/fr\/torivac-en-beyond-catalonia\/","name":"Torivac dans l'au-del\u00e0 de la Catalogne - Torivac","isPartOf":{"@id":"https:\/\/grupotorivac.com\/#website"},"primaryImageOfPage":{"@id":"https:\/\/grupotorivac.com\/fr\/torivac-en-beyond-catalonia\/#primaryimage"},"image":{"@id":"https:\/\/grupotorivac.com\/fr\/torivac-en-beyond-catalonia\/#primaryimage"},"thumbnailUrl":"https:\/\/grupotorivac.com\/wp-content\/uploads\/2024\/11\/beyond-catalonia.jpg","datePublished":"2024-11-18T15:44:09+00:00","dateModified":"2026-03-23T15:57:11+00:00","description":"Torivac \u00e9tait pr\u00e9sent \u00e0 Beyond Catalonia. Nous avons conclu de nouvelles opportunit\u00e9s d'affaires avec des entreprises locales et internationales.","breadcrumb":{"@id":"https:\/\/grupotorivac.com\/fr\/torivac-en-beyond-catalonia\/#breadcrumb"},"inLanguage":"fr-FR","potentialAction":[{"@type":"ReadAction","target":["https:\/\/grupotorivac.com\/fr\/torivac-en-beyond-catalonia\/"]}]},{"@type":"ImageObject","inLanguage":"fr-FR","@id":"https:\/\/grupotorivac.com\/fr\/torivac-en-beyond-catalonia\/#primaryimage","url":"https:\/\/grupotorivac.com\/wp-content\/uploads\/2024\/11\/beyond-catalonia.jpg","contentUrl":"https:\/\/grupotorivac.com\/wp-content\/uploads\/2024\/11\/beyond-catalonia.jpg","width":1800,"height":1200,"caption":"Torivac in Katalonien, konkretisieren wir vom World Trade Center in Barcelona aus Allianzen und Expansionsstrategien auf internationalen M\u00e4rkten."},{"@type":"BreadcrumbList","@id":"https:\/\/grupotorivac.com\/fr\/torivac-en-beyond-catalonia\/#breadcrumb","itemListElement":[{"@type":"ListItem","position":1,"name":"Portada","item":"https:\/\/grupotorivac.com\/fr\/"},{"@type":"ListItem","position":2,"name":"Torivac dans l&#8217;au-del\u00e0 de la Catalogne"}]},{"@type":"WebSite","@id":"https:\/\/grupotorivac.com\/#website","url":"https:\/\/grupotorivac.com\/","name":"Torivac","description":"Especializados en dise\u00f1o y fabricaci\u00f3n de variados de tensi\u00f3n","publisher":{"@id":"https:\/\/grupotorivac.com\/#organization"},"alternateName":"Torivac S.L","potentialAction":[{"@type":"SearchAction","target":{"@type":"EntryPoint","urlTemplate":"https:\/\/grupotorivac.com\/?s={search_term_string}"},"query-input":{"@type":"PropertyValueSpecification","valueRequired":true,"valueName":"search_term_string"}}],"inLanguage":"fr-FR"},{"@type":"Organization","@id":"https:\/\/grupotorivac.com\/#organization","name":"Torivac","alternateName":"Torivac S.L","url":"https:\/\/grupotorivac.com\/","logo":{"@type":"ImageObject","inLanguage":"fr-FR","@id":"https:\/\/grupotorivac.com\/#\/schema\/logo\/image\/","url":"https:\/\/grupotorivac.com\/wp-content\/uploads\/2025\/02\/Diseno-sin-titulo-73.png","contentUrl":"https:\/\/grupotorivac.com\/wp-content\/uploads\/2025\/02\/Diseno-sin-titulo-73.png","width":250,"height":250,"caption":"Torivac"},"image":{"@id":"https:\/\/grupotorivac.com\/#\/schema\/logo\/image\/"}},{"@type":"Person","@id":"https:\/\/grupotorivac.com\/#\/schema\/person\/66a7a9ac227ee4c0306e33ff34be3c24","name":"Franco Santiso","image":{"@type":"ImageObject","inLanguage":"fr-FR","@id":"https:\/\/secure.gravatar.com\/avatar\/3e691e40ad87da5eb1e273b36578b364bae76a43c3de9c1754bae6b45966b3f4?s=96&d=mm&r=g","url":"https:\/\/secure.gravatar.com\/avatar\/3e691e40ad87da5eb1e273b36578b364bae76a43c3de9c1754bae6b45966b3f4?s=96&d=mm&r=g","contentUrl":"https:\/\/secure.gravatar.com\/avatar\/3e691e40ad87da5eb1e273b36578b364bae76a43c3de9c1754bae6b45966b3f4?s=96&d=mm&r=g","caption":"Franco Santiso"},"url":"https:\/\/grupotorivac.com\/fr\/author\/francoadm\/"}]}},"_links":{"self":[{"href":"https:\/\/grupotorivac.com\/fr\/wp-json\/wp\/v2\/posts\/16071","targetHints":{"allow":["GET"]}}],"collection":[{"href":"https:\/\/grupotorivac.com\/fr\/wp-json\/wp\/v2\/posts"}],"about":[{"href":"https:\/\/grupotorivac.com\/fr\/wp-json\/wp\/v2\/types\/post"}],"author":[{"embeddable":true,"href":"https:\/\/grupotorivac.com\/fr\/wp-json\/wp\/v2\/users\/3"}],"replies":[{"embeddable":true,"href":"https:\/\/grupotorivac.com\/fr\/wp-json\/wp\/v2\/comments?post=16071"}],"version-history":[{"count":1,"href":"https:\/\/grupotorivac.com\/fr\/wp-json\/wp\/v2\/posts\/16071\/revisions"}],"predecessor-version":[{"id":16072,"href":"https:\/\/grupotorivac.com\/fr\/wp-json\/wp\/v2\/posts\/16071\/revisions\/16072"}],"wp:featuredmedia":[{"embeddable":true,"href":"https:\/\/grupotorivac.com\/fr\/wp-json\/wp\/v2\/media\/10101"}],"wp:attachment":[{"href":"https:\/\/grupotorivac.com\/fr\/wp-json\/wp\/v2\/media?parent=16071"}],"wp:term":[{"taxonomy":"category","embeddable":true,"href":"https:\/\/grupotorivac.com\/fr\/wp-json\/wp\/v2\/categories?post=16071"},{"taxonomy":"post_tag","embeddable":true,"href":"https:\/\/grupotorivac.com\/fr\/wp-json\/wp\/v2\/tags?post=16071"}],"curies":[{"name":"wp","href":"https:\/\/api.w.org\/{rel}","templated":true}]}}