{"id":16007,"date":"2025-06-03T15:27:02","date_gmt":"2025-06-03T15:27:02","guid":{"rendered":"https:\/\/grupotorivac.com\/torivac-consolida-su-liderazgo-en-el-sector-electrico-tras-su-participacion-en-coiltech-deutschland-2025\/"},"modified":"2026-03-23T15:57:41","modified_gmt":"2026-03-23T15:57:41","slug":"torivac-consolida-su-liderazgo-en-el-sector-electrico-tras-su-participacion-en-coiltech-deutschland-2025","status":"publish","type":"post","link":"https:\/\/grupotorivac.com\/fr\/torivac-consolida-su-liderazgo-en-el-sector-electrico-tras-su-participacion-en-coiltech-deutschland-2025\/","title":{"rendered":"Torivac consolide son leadership dans le secteur de l&#8217;\u00e9lectricit\u00e9 apr\u00e8s sa participation \u00e0 coiltech deutschland 2025"},"content":{"rendered":"\t\t<div data-elementor-type=\"wp-post\" data-elementor-id=\"16007\" class=\"elementor elementor-16007 elementor-11320\" data-elementor-post-type=\"post\">\n\t\t\t\t<div class=\"elementor-element elementor-element-7f26bdf5 e-flex e-con-boxed e-con e-parent\" data-id=\"7f26bdf5\" data-element_type=\"container\" data-e-type=\"container\">\n\t\t\t\t\t<div class=\"e-con-inner\">\n\t\t<div class=\"elementor-element elementor-element-a917789 e-con-full e-flex e-con e-child\" data-id=\"a917789\" data-element_type=\"container\" data-e-type=\"container\">\n\t\t\t\t<div class=\"elementor-element elementor-element-eb67895 elementor-hidden-desktop elementor-hidden-tablet elementor-hidden-mobile elementor-widget elementor-widget-html\" data-id=\"eb67895\" data-element_type=\"widget\" data-e-type=\"widget\" data-widget_type=\"html.default\">\n\t\t\t\t<div class=\"elementor-widget-container\">\n\t\t\t\t\t<style>\/* Contenedor de la imagen *\/\n#header_image .elementor-widget-container {\n  width: 100%;\n  aspect-ratio: 16 \/ 4;\n  overflow: hidden;\n}\n\n\/* Imagen *\/\n#header_image .elementor-widget-container img {\n  width: 100%;\n  height: 100%;\n  object-fit: cover;\n  display: block;\n}\n \n.elementor-shortcode h2 {\n    font-family: \"Advent Pro\", Sans-serif;\n    font-size: 42px;\n    color: #ba6b1e;\n}\n<\/style>\t\t\t\t<\/div>\n\t\t\t\t<\/div>\n\t\t<div class=\"elementor-element elementor-element-3ec9283 e-con-full e-flex e-con e-child\" data-id=\"3ec9283\" data-element_type=\"container\" data-e-type=\"container\" id=\"header_image\">\n\t\t\t\t<div class=\"elementor-element elementor-element-9e98de3 elementor-widget elementor-widget-image\" data-id=\"9e98de3\" data-element_type=\"widget\" data-e-type=\"widget\" data-widget_type=\"image.default\">\n\t\t\t\t<div class=\"elementor-widget-container\">\n\t\t\t\t\t\t\t\t\t\t\t\t\t\t\t<img fetchpriority=\"high\" decoding=\"async\" width=\"2000\" height=\"528\" src=\"https:\/\/grupotorivac.com\/wp-content\/uploads\/2025\/06\/upscalemedia-transformed.jpeg\" class=\"attachment-2048x2048 size-2048x2048 wp-image-11358\" alt=\"\" srcset=\"https:\/\/grupotorivac.com\/wp-content\/uploads\/2025\/06\/upscalemedia-transformed.jpeg 2000w, https:\/\/grupotorivac.com\/wp-content\/uploads\/2025\/06\/upscalemedia-transformed-300x79.jpeg 300w, https:\/\/grupotorivac.com\/wp-content\/uploads\/2025\/06\/upscalemedia-transformed-1024x270.jpeg 1024w, https:\/\/grupotorivac.com\/wp-content\/uploads\/2025\/06\/upscalemedia-transformed-768x203.jpeg 768w, https:\/\/grupotorivac.com\/wp-content\/uploads\/2025\/06\/upscalemedia-transformed-1536x406.jpeg 1536w, https:\/\/grupotorivac.com\/wp-content\/uploads\/2025\/06\/upscalemedia-transformed-260x69.jpeg 260w, https:\/\/grupotorivac.com\/wp-content\/uploads\/2025\/06\/upscalemedia-transformed-50x13.jpeg 50w, https:\/\/grupotorivac.com\/wp-content\/uploads\/2025\/06\/upscalemedia-transformed-150x40.jpeg 150w, https:\/\/grupotorivac.com\/wp-content\/uploads\/2025\/06\/upscalemedia-transformed-600x158.jpeg 600w\" sizes=\"(max-width: 2000px) 100vw, 2000px\" \/>\t\t\t\t\t\t\t\t\t\t\t\t\t\t\t<\/div>\n\t\t\t\t<\/div>\n\t\t\t\t<\/div>\n\t\t\t\t<div class=\"elementor-element elementor-element-7b0a703 elementor-widget elementor-widget-shortcode\" data-id=\"7b0a703\" data-element_type=\"widget\" data-e-type=\"widget\" data-widget_type=\"shortcode.default\">\n\t\t\t\t<div class=\"elementor-widget-container\">\n\t\t\t\t\t\t\t<div class=\"elementor-shortcode\"><h2>Torivac consolide son leadership dans le secteur de l&#8217;\u00e9lectricit\u00e9 apr\u00e8s sa participation \u00e0 coiltech deutschland 2025<\/h2>\n<\/div>\n\t\t\t\t\t\t<\/div>\n\t\t\t\t<\/div>\n\t\t\t\t<\/div>\n\t\t<div class=\"elementor-element elementor-element-33b14c5 e-con-full e-flex e-con e-child\" data-id=\"33b14c5\" data-element_type=\"container\" data-e-type=\"container\">\n\t\t\t\t<div class=\"elementor-element elementor-element-692b32e elementor-widget elementor-widget-text-editor\" data-id=\"692b32e\" data-element_type=\"widget\" data-e-type=\"widget\" data-widget_type=\"text-editor.default\">\n\t\t\t\t<div class=\"elementor-widget-container\">\n\t\t\t\t\t\t\t\t\t<p>En mars 2025, Torivac a particip\u00e9 \u00e0 &#8220;Coiltech deutschland&#8221;, l&#8217;un des salons les plus importants du secteur de la technologie des moteurs \u00e9lectriques, des transformateurs et des bobinages. L&#8217;\u00e9v\u00e9nement, qui s&#8217;est tenu au centre d&#8217;exposition Messe Augsburg, a rassembl\u00e9 des professionnels et des entreprises du monde entier dans un environnement con\u00e7u pour l&#8217;\u00e9change d&#8217;id\u00e9es, l&#8217;innovation technologique et le d\u00e9veloppement de nouveaux projets de collaboration. <\/p><h3><strong>l&#8217;innovation et la technologie torivac au salon coiltech deutschland 2025<\/strong><\/h3><p>Coiltech deutschland s&#8217;est positionn\u00e9 comme un point de rencontre cl\u00e9 pour l&#8217;industrie, en combinant un format agile, efficace et fortement orient\u00e9 vers le march\u00e9. Cette philosophie correspond naturellement aux valeurs de Torivac, qui s&#8217;engage en faveur d&#8217;une innovation appliqu\u00e9e et accessible \u00e0 ses clients. La participation \u00e0 ce salon n&#8217;a pas seulement permis de nouer des contacts commerciaux, mais aussi d&#8217;engager de pr\u00e9cieuses discussions sur les tendances qui fa\u00e7onnent l&#8217;avenir de l&#8217;\u00e9lectrom\u00e9canique.  <\/p><p>L&#8217;\u00e9v\u00e9nement a \u00e9galement \u00e9t\u00e9 l&#8217;occasion d&#8217;assister \u00e0 la World Magnetic Conference, une s\u00e9rie de conf\u00e9rences techniques o\u00f9 universitaires, chercheurs et experts de l&#8217;industrie partagent les derni\u00e8res avanc\u00e9es en mati\u00e8re de recherche sur les mat\u00e9riaux, de processus de fabrication et d&#8217;optimisation de l&#8217;\u00e9nergie. Pour Torivac, ces espaces d&#8217;apprentissage repr\u00e9sentent une source d&#8217;inspiration constante et une occasion de continuer \u00e0 am\u00e9liorer ses solutions en fonction des exigences technologiques les plus \u00e9lev\u00e9es. <\/p><p>L&#8217;atmosph\u00e8re de Coiltech deutschland 2025 \u00e9tait plac\u00e9e sous le signe de la collaboration et de l&#8217;ouverture. Des entreprises en phase de d\u00e9marrage, des fabricants \u00e9tablis et des centres de recherche se sont r\u00e9unis sous un m\u00eame toit, ce qui a favoris\u00e9 la cr\u00e9ation de synergies strat\u00e9giques. Torivac a profit\u00e9 de ce contexte pour explorer de nouvelles opportunit\u00e9s commerciales sur des march\u00e9s tels que l&#8217;Allemagne, l&#8217;Italie et la France, o\u00f9 la demande de solutions techniques de haute qualit\u00e9 ne cesse de cro\u00eetre.  <\/p><p>La ville d&#8217;Augsbourg, outre sa situation privil\u00e9gi\u00e9e dans le sud de l&#8217;Allemagne, constituait le cadre id\u00e9al pour une foire commerciale de cette ampleur. Son excellente connectivit\u00e9, ainsi que l&#8217;infrastructure du centre d&#8217;exposition, ont facilit\u00e9 une logistique efficace pour les exposants et les visiteurs. Ce d\u00e9tail, qui peut sembler mineur, fait une grande diff\u00e9rence dans l&#8217;exp\u00e9rience globale de ceux qui comptent sur ces \u00e9v\u00e9nements pour am\u00e9liorer leurs strat\u00e9gies commerciales.  <\/p><p>Pendant le salon, le stand de Torivac est devenu un point de r\u00e9f\u00e9rence pour ceux qui recherchent l&#8217;innovation, la fiabilit\u00e9 et l&#8217;engagement en faveur de la qualit\u00e9. Les discussions avec les ing\u00e9nieurs, les responsables des achats et les responsables techniques ont permis \u00e0 l&#8217;entreprise d&#8217;identifier de nouveaux domaines d&#8217;opportunit\u00e9 et d&#8217;adapter davantage sa proposition de valeur aux besoins sp\u00e9cifiques de chaque client. <\/p><p>Au-del\u00e0 des contacts commerciaux, Coiltech Deutschland a permis de r\u00e9affirmer le positionnement de Torivac en tant qu&#8217;entreprise capable d&#8217;anticiper les tendances du march\u00e9 et d&#8217;y r\u00e9pondre par des solutions sur mesure, combinant technologie de pointe, efficacit\u00e9 \u00e9nerg\u00e9tique et approche durable dans tous ses processus.<\/p><p>La participation \u00e0 ces \u00e9v\u00e9nements internationaux est un \u00e9l\u00e9ment fondamental de la strat\u00e9gie de croissance de l&#8217;entreprise. Il ne s&#8217;agit pas seulement de vendre des produits, mais de construire des relations durables bas\u00e9es sur la confiance, l&#8217;innovation constante et une compr\u00e9hension profonde des d\u00e9fis auxquels l&#8217;industrie est confront\u00e9e. <\/p><p>Coiltech deutschland 2025 a \u00e9t\u00e9, sans aucun doute, une occasion unique de r\u00e9affirmer ces valeurs et de d\u00e9montrer que torivac est pr\u00eat \u00e0 poursuivre sa croissance, en offrant \u00e0 ses clients les meilleures solutions en mati\u00e8re de composants \u00e9lectriques, adapt\u00e9es aux besoins d&#8217;un march\u00e9 mondial en constante \u00e9volution.<\/p><p>Avec chaque salon, chaque rencontre et chaque nouveau partenariat, torivac renforce son engagement \u00e0 conduire l&#8217;avenir de l&#8217;industrie \u00e9lectrom\u00e9canique, en apportant son expertise et son innovation partout o\u00f9 la technologie et l&#8217;\u00e9nergie font la diff\u00e9rence.<\/p>\t\t\t\t\t\t\t\t<\/div>\n\t\t\t\t<\/div>\n\t\t\t\t<\/div>\n\t\t\t\t\t<\/div>\n\t\t\t\t<\/div>\n\t\t\t\t<\/div>\n\t\t","protected":false},"excerpt":{"rendered":"<p>En mars 2025, Torivac a particip\u00e9 \u00e0 &#8220;Coiltech deutschland&#8221;, l&#8217;un des salons les plus importants du secteur de la technologie des moteurs \u00e9lectriques, des transformateurs et<span class=\"excerpt-hellip\"> [\u2026]<\/span><\/p>\n","protected":false},"author":3,"featured_media":11352,"comment_status":"closed","ping_status":"closed","sticky":false,"template":"elementor_header_footer","format":"standard","meta":{"_acf_changed":false,"footnotes":""},"categories":[605],"tags":[],"class_list":["post-16007","post","type-post","status-publish","format-standard","has-post-thumbnail","hentry","category-blog"],"acf":[],"yoast_head":"<!-- This site is optimized with the Yoast SEO plugin v27.2 - https:\/\/yoast.com\/product\/yoast-seo-wordpress\/ -->\n<title>Torivac consolide ses alliances strat\u00e9giques en europe lors de coiltech deutschland 2025<\/title>\n<meta name=\"description\" content=\"Torivac renforce son internationalisation en participant \u00e0 Coiltech Deutschland 2025, en renfor\u00e7ant ses partenariats et en pr\u00e9sentant ses solutions de pointe.\" \/>\n<meta name=\"robots\" content=\"index, follow, max-snippet:-1, max-image-preview:large, max-video-preview:-1\" \/>\n<link rel=\"canonical\" href=\"https:\/\/grupotorivac.com\/fr\/torivac-consolida-su-liderazgo-en-el-sector-electrico-tras-su-participacion-en-coiltech-deutschland-2025\/\" \/>\n<meta property=\"og:locale\" content=\"fr_FR\" \/>\n<meta property=\"og:type\" content=\"article\" \/>\n<meta property=\"og:title\" content=\"Torivac consolide ses alliances strat\u00e9giques en europe lors de coiltech deutschland 2025\" \/>\n<meta property=\"og:description\" content=\"Torivac renforce son internationalisation en participant \u00e0 Coiltech Deutschland 2025, en renfor\u00e7ant ses partenariats et en pr\u00e9sentant ses solutions de pointe.\" \/>\n<meta property=\"og:url\" content=\"https:\/\/grupotorivac.com\/fr\/torivac-consolida-su-liderazgo-en-el-sector-electrico-tras-su-participacion-en-coiltech-deutschland-2025\/\" \/>\n<meta property=\"og:site_name\" content=\"Torivac\" \/>\n<meta property=\"article:published_time\" content=\"2025-06-03T15:27:02+00:00\" \/>\n<meta property=\"article:modified_time\" content=\"2026-03-23T15:57:41+00:00\" \/>\n<meta property=\"og:image\" content=\"https:\/\/grupotorivac.com\/wp-content\/uploads\/2025\/06\/logo_coiltech_800-2.png\" \/>\n\t<meta property=\"og:image:width\" content=\"400\" \/>\n\t<meta property=\"og:image:height\" content=\"300\" \/>\n\t<meta property=\"og:image:type\" content=\"image\/png\" \/>\n<meta name=\"author\" content=\"Franco Santiso\" \/>\n<meta name=\"twitter:card\" content=\"summary_large_image\" \/>\n<meta name=\"twitter:label1\" content=\"\u00c9crit par\" \/>\n\t<meta name=\"twitter:data1\" content=\"Franco Santiso\" \/>\n\t<meta name=\"twitter:label2\" content=\"Dur\u00e9e de lecture estim\u00e9e\" \/>\n\t<meta name=\"twitter:data2\" content=\"4 minutes\" \/>\n<script type=\"application\/ld+json\" class=\"yoast-schema-graph\">{\"@context\":\"https:\/\/schema.org\",\"@graph\":[{\"@type\":\"Article\",\"@id\":\"https:\/\/grupotorivac.com\/fr\/torivac-consolida-su-liderazgo-en-el-sector-electrico-tras-su-participacion-en-coiltech-deutschland-2025\/#article\",\"isPartOf\":{\"@id\":\"https:\/\/grupotorivac.com\/fr\/torivac-consolida-su-liderazgo-en-el-sector-electrico-tras-su-participacion-en-coiltech-deutschland-2025\/\"},\"author\":{\"name\":\"Franco Santiso\",\"@id\":\"https:\/\/grupotorivac.com\/#\/schema\/person\/66a7a9ac227ee4c0306e33ff34be3c24\"},\"headline\":\"Torivac consolide son leadership dans le secteur de l&#8217;\u00e9lectricit\u00e9 apr\u00e8s sa participation \u00e0 coiltech deutschland 2025\",\"datePublished\":\"2025-06-03T15:27:02+00:00\",\"dateModified\":\"2026-03-23T15:57:41+00:00\",\"mainEntityOfPage\":{\"@id\":\"https:\/\/grupotorivac.com\/fr\/torivac-consolida-su-liderazgo-en-el-sector-electrico-tras-su-participacion-en-coiltech-deutschland-2025\/\"},\"wordCount\":713,\"publisher\":{\"@id\":\"https:\/\/grupotorivac.com\/#organization\"},\"image\":{\"@id\":\"https:\/\/grupotorivac.com\/fr\/torivac-consolida-su-liderazgo-en-el-sector-electrico-tras-su-participacion-en-coiltech-deutschland-2025\/#primaryimage\"},\"thumbnailUrl\":\"https:\/\/grupotorivac.com\/wp-content\/uploads\/2025\/06\/logo_coiltech_800-2.png\",\"articleSection\":[\"blog\"],\"inLanguage\":\"fr-FR\"},{\"@type\":\"WebPage\",\"@id\":\"https:\/\/grupotorivac.com\/fr\/torivac-consolida-su-liderazgo-en-el-sector-electrico-tras-su-participacion-en-coiltech-deutschland-2025\/\",\"url\":\"https:\/\/grupotorivac.com\/fr\/torivac-consolida-su-liderazgo-en-el-sector-electrico-tras-su-participacion-en-coiltech-deutschland-2025\/\",\"name\":\"Torivac consolide ses alliances strat\u00e9giques en europe lors de coiltech deutschland 2025\",\"isPartOf\":{\"@id\":\"https:\/\/grupotorivac.com\/#website\"},\"primaryImageOfPage\":{\"@id\":\"https:\/\/grupotorivac.com\/fr\/torivac-consolida-su-liderazgo-en-el-sector-electrico-tras-su-participacion-en-coiltech-deutschland-2025\/#primaryimage\"},\"image\":{\"@id\":\"https:\/\/grupotorivac.com\/fr\/torivac-consolida-su-liderazgo-en-el-sector-electrico-tras-su-participacion-en-coiltech-deutschland-2025\/#primaryimage\"},\"thumbnailUrl\":\"https:\/\/grupotorivac.com\/wp-content\/uploads\/2025\/06\/logo_coiltech_800-2.png\",\"datePublished\":\"2025-06-03T15:27:02+00:00\",\"dateModified\":\"2026-03-23T15:57:41+00:00\",\"description\":\"Torivac renforce son internationalisation en participant \u00e0 Coiltech Deutschland 2025, en renfor\u00e7ant ses partenariats et en pr\u00e9sentant ses solutions de pointe.\",\"breadcrumb\":{\"@id\":\"https:\/\/grupotorivac.com\/fr\/torivac-consolida-su-liderazgo-en-el-sector-electrico-tras-su-participacion-en-coiltech-deutschland-2025\/#breadcrumb\"},\"inLanguage\":\"fr-FR\",\"potentialAction\":[{\"@type\":\"ReadAction\",\"target\":[\"https:\/\/grupotorivac.com\/fr\/torivac-consolida-su-liderazgo-en-el-sector-electrico-tras-su-participacion-en-coiltech-deutschland-2025\/\"]}]},{\"@type\":\"ImageObject\",\"inLanguage\":\"fr-FR\",\"@id\":\"https:\/\/grupotorivac.com\/fr\/torivac-consolida-su-liderazgo-en-el-sector-electrico-tras-su-participacion-en-coiltech-deutschland-2025\/#primaryimage\",\"url\":\"https:\/\/grupotorivac.com\/wp-content\/uploads\/2025\/06\/logo_coiltech_800-2.png\",\"contentUrl\":\"https:\/\/grupotorivac.com\/wp-content\/uploads\/2025\/06\/logo_coiltech_800-2.png\",\"width\":400,\"height\":300},{\"@type\":\"BreadcrumbList\",\"@id\":\"https:\/\/grupotorivac.com\/fr\/torivac-consolida-su-liderazgo-en-el-sector-electrico-tras-su-participacion-en-coiltech-deutschland-2025\/#breadcrumb\",\"itemListElement\":[{\"@type\":\"ListItem\",\"position\":1,\"name\":\"Portada\",\"item\":\"https:\/\/grupotorivac.com\/fr\/\"},{\"@type\":\"ListItem\",\"position\":2,\"name\":\"Torivac consolide son leadership dans le secteur de l&#8217;\u00e9lectricit\u00e9 apr\u00e8s sa participation \u00e0 coiltech deutschland 2025\"}]},{\"@type\":\"WebSite\",\"@id\":\"https:\/\/grupotorivac.com\/#website\",\"url\":\"https:\/\/grupotorivac.com\/\",\"name\":\"Torivac\",\"description\":\"Especializados en dise\u00f1o y fabricaci\u00f3n de variados de tensi\u00f3n\",\"publisher\":{\"@id\":\"https:\/\/grupotorivac.com\/#organization\"},\"alternateName\":\"Torivac S.L\",\"potentialAction\":[{\"@type\":\"SearchAction\",\"target\":{\"@type\":\"EntryPoint\",\"urlTemplate\":\"https:\/\/grupotorivac.com\/?s={search_term_string}\"},\"query-input\":{\"@type\":\"PropertyValueSpecification\",\"valueRequired\":true,\"valueName\":\"search_term_string\"}}],\"inLanguage\":\"fr-FR\"},{\"@type\":\"Organization\",\"@id\":\"https:\/\/grupotorivac.com\/#organization\",\"name\":\"Torivac\",\"alternateName\":\"Torivac S.L\",\"url\":\"https:\/\/grupotorivac.com\/\",\"logo\":{\"@type\":\"ImageObject\",\"inLanguage\":\"fr-FR\",\"@id\":\"https:\/\/grupotorivac.com\/#\/schema\/logo\/image\/\",\"url\":\"https:\/\/grupotorivac.com\/wp-content\/uploads\/2025\/02\/Diseno-sin-titulo-73.png\",\"contentUrl\":\"https:\/\/grupotorivac.com\/wp-content\/uploads\/2025\/02\/Diseno-sin-titulo-73.png\",\"width\":250,\"height\":250,\"caption\":\"Torivac\"},\"image\":{\"@id\":\"https:\/\/grupotorivac.com\/#\/schema\/logo\/image\/\"}},{\"@type\":\"Person\",\"@id\":\"https:\/\/grupotorivac.com\/#\/schema\/person\/66a7a9ac227ee4c0306e33ff34be3c24\",\"name\":\"Franco Santiso\",\"image\":{\"@type\":\"ImageObject\",\"inLanguage\":\"fr-FR\",\"@id\":\"https:\/\/secure.gravatar.com\/avatar\/3e691e40ad87da5eb1e273b36578b364bae76a43c3de9c1754bae6b45966b3f4?s=96&d=mm&r=g\",\"url\":\"https:\/\/secure.gravatar.com\/avatar\/3e691e40ad87da5eb1e273b36578b364bae76a43c3de9c1754bae6b45966b3f4?s=96&d=mm&r=g\",\"contentUrl\":\"https:\/\/secure.gravatar.com\/avatar\/3e691e40ad87da5eb1e273b36578b364bae76a43c3de9c1754bae6b45966b3f4?s=96&d=mm&r=g\",\"caption\":\"Franco Santiso\"},\"url\":\"https:\/\/grupotorivac.com\/fr\/author\/francoadm\/\"}]}<\/script>\n<!-- \/ Yoast SEO plugin. -->","yoast_head_json":{"title":"Torivac consolide ses alliances strat\u00e9giques en europe lors de coiltech deutschland 2025","description":"Torivac renforce son internationalisation en participant \u00e0 Coiltech Deutschland 2025, en renfor\u00e7ant ses partenariats et en pr\u00e9sentant ses solutions de pointe.","robots":{"index":"index","follow":"follow","max-snippet":"max-snippet:-1","max-image-preview":"max-image-preview:large","max-video-preview":"max-video-preview:-1"},"canonical":"https:\/\/grupotorivac.com\/fr\/torivac-consolida-su-liderazgo-en-el-sector-electrico-tras-su-participacion-en-coiltech-deutschland-2025\/","og_locale":"fr_FR","og_type":"article","og_title":"Torivac consolide ses alliances strat\u00e9giques en europe lors de coiltech deutschland 2025","og_description":"Torivac renforce son internationalisation en participant \u00e0 Coiltech Deutschland 2025, en renfor\u00e7ant ses partenariats et en pr\u00e9sentant ses solutions de pointe.","og_url":"https:\/\/grupotorivac.com\/fr\/torivac-consolida-su-liderazgo-en-el-sector-electrico-tras-su-participacion-en-coiltech-deutschland-2025\/","og_site_name":"Torivac","article_published_time":"2025-06-03T15:27:02+00:00","article_modified_time":"2026-03-23T15:57:41+00:00","og_image":[{"width":400,"height":300,"url":"https:\/\/grupotorivac.com\/wp-content\/uploads\/2025\/06\/logo_coiltech_800-2.png","type":"image\/png"}],"author":"Franco Santiso","twitter_card":"summary_large_image","twitter_misc":{"\u00c9crit par":"Franco Santiso","Dur\u00e9e de lecture estim\u00e9e":"4 minutes"},"schema":{"@context":"https:\/\/schema.org","@graph":[{"@type":"Article","@id":"https:\/\/grupotorivac.com\/fr\/torivac-consolida-su-liderazgo-en-el-sector-electrico-tras-su-participacion-en-coiltech-deutschland-2025\/#article","isPartOf":{"@id":"https:\/\/grupotorivac.com\/fr\/torivac-consolida-su-liderazgo-en-el-sector-electrico-tras-su-participacion-en-coiltech-deutschland-2025\/"},"author":{"name":"Franco Santiso","@id":"https:\/\/grupotorivac.com\/#\/schema\/person\/66a7a9ac227ee4c0306e33ff34be3c24"},"headline":"Torivac consolide son leadership dans le secteur de l&#8217;\u00e9lectricit\u00e9 apr\u00e8s sa participation \u00e0 coiltech deutschland 2025","datePublished":"2025-06-03T15:27:02+00:00","dateModified":"2026-03-23T15:57:41+00:00","mainEntityOfPage":{"@id":"https:\/\/grupotorivac.com\/fr\/torivac-consolida-su-liderazgo-en-el-sector-electrico-tras-su-participacion-en-coiltech-deutschland-2025\/"},"wordCount":713,"publisher":{"@id":"https:\/\/grupotorivac.com\/#organization"},"image":{"@id":"https:\/\/grupotorivac.com\/fr\/torivac-consolida-su-liderazgo-en-el-sector-electrico-tras-su-participacion-en-coiltech-deutschland-2025\/#primaryimage"},"thumbnailUrl":"https:\/\/grupotorivac.com\/wp-content\/uploads\/2025\/06\/logo_coiltech_800-2.png","articleSection":["blog"],"inLanguage":"fr-FR"},{"@type":"WebPage","@id":"https:\/\/grupotorivac.com\/fr\/torivac-consolida-su-liderazgo-en-el-sector-electrico-tras-su-participacion-en-coiltech-deutschland-2025\/","url":"https:\/\/grupotorivac.com\/fr\/torivac-consolida-su-liderazgo-en-el-sector-electrico-tras-su-participacion-en-coiltech-deutschland-2025\/","name":"Torivac consolide ses alliances strat\u00e9giques en europe lors de coiltech deutschland 2025","isPartOf":{"@id":"https:\/\/grupotorivac.com\/#website"},"primaryImageOfPage":{"@id":"https:\/\/grupotorivac.com\/fr\/torivac-consolida-su-liderazgo-en-el-sector-electrico-tras-su-participacion-en-coiltech-deutschland-2025\/#primaryimage"},"image":{"@id":"https:\/\/grupotorivac.com\/fr\/torivac-consolida-su-liderazgo-en-el-sector-electrico-tras-su-participacion-en-coiltech-deutschland-2025\/#primaryimage"},"thumbnailUrl":"https:\/\/grupotorivac.com\/wp-content\/uploads\/2025\/06\/logo_coiltech_800-2.png","datePublished":"2025-06-03T15:27:02+00:00","dateModified":"2026-03-23T15:57:41+00:00","description":"Torivac renforce son internationalisation en participant \u00e0 Coiltech Deutschland 2025, en renfor\u00e7ant ses partenariats et en pr\u00e9sentant ses solutions de pointe.","breadcrumb":{"@id":"https:\/\/grupotorivac.com\/fr\/torivac-consolida-su-liderazgo-en-el-sector-electrico-tras-su-participacion-en-coiltech-deutschland-2025\/#breadcrumb"},"inLanguage":"fr-FR","potentialAction":[{"@type":"ReadAction","target":["https:\/\/grupotorivac.com\/fr\/torivac-consolida-su-liderazgo-en-el-sector-electrico-tras-su-participacion-en-coiltech-deutschland-2025\/"]}]},{"@type":"ImageObject","inLanguage":"fr-FR","@id":"https:\/\/grupotorivac.com\/fr\/torivac-consolida-su-liderazgo-en-el-sector-electrico-tras-su-participacion-en-coiltech-deutschland-2025\/#primaryimage","url":"https:\/\/grupotorivac.com\/wp-content\/uploads\/2025\/06\/logo_coiltech_800-2.png","contentUrl":"https:\/\/grupotorivac.com\/wp-content\/uploads\/2025\/06\/logo_coiltech_800-2.png","width":400,"height":300},{"@type":"BreadcrumbList","@id":"https:\/\/grupotorivac.com\/fr\/torivac-consolida-su-liderazgo-en-el-sector-electrico-tras-su-participacion-en-coiltech-deutschland-2025\/#breadcrumb","itemListElement":[{"@type":"ListItem","position":1,"name":"Portada","item":"https:\/\/grupotorivac.com\/fr\/"},{"@type":"ListItem","position":2,"name":"Torivac consolide son leadership dans le secteur de l&#8217;\u00e9lectricit\u00e9 apr\u00e8s sa participation \u00e0 coiltech deutschland 2025"}]},{"@type":"WebSite","@id":"https:\/\/grupotorivac.com\/#website","url":"https:\/\/grupotorivac.com\/","name":"Torivac","description":"Especializados en dise\u00f1o y fabricaci\u00f3n de variados de tensi\u00f3n","publisher":{"@id":"https:\/\/grupotorivac.com\/#organization"},"alternateName":"Torivac S.L","potentialAction":[{"@type":"SearchAction","target":{"@type":"EntryPoint","urlTemplate":"https:\/\/grupotorivac.com\/?s={search_term_string}"},"query-input":{"@type":"PropertyValueSpecification","valueRequired":true,"valueName":"search_term_string"}}],"inLanguage":"fr-FR"},{"@type":"Organization","@id":"https:\/\/grupotorivac.com\/#organization","name":"Torivac","alternateName":"Torivac S.L","url":"https:\/\/grupotorivac.com\/","logo":{"@type":"ImageObject","inLanguage":"fr-FR","@id":"https:\/\/grupotorivac.com\/#\/schema\/logo\/image\/","url":"https:\/\/grupotorivac.com\/wp-content\/uploads\/2025\/02\/Diseno-sin-titulo-73.png","contentUrl":"https:\/\/grupotorivac.com\/wp-content\/uploads\/2025\/02\/Diseno-sin-titulo-73.png","width":250,"height":250,"caption":"Torivac"},"image":{"@id":"https:\/\/grupotorivac.com\/#\/schema\/logo\/image\/"}},{"@type":"Person","@id":"https:\/\/grupotorivac.com\/#\/schema\/person\/66a7a9ac227ee4c0306e33ff34be3c24","name":"Franco Santiso","image":{"@type":"ImageObject","inLanguage":"fr-FR","@id":"https:\/\/secure.gravatar.com\/avatar\/3e691e40ad87da5eb1e273b36578b364bae76a43c3de9c1754bae6b45966b3f4?s=96&d=mm&r=g","url":"https:\/\/secure.gravatar.com\/avatar\/3e691e40ad87da5eb1e273b36578b364bae76a43c3de9c1754bae6b45966b3f4?s=96&d=mm&r=g","contentUrl":"https:\/\/secure.gravatar.com\/avatar\/3e691e40ad87da5eb1e273b36578b364bae76a43c3de9c1754bae6b45966b3f4?s=96&d=mm&r=g","caption":"Franco Santiso"},"url":"https:\/\/grupotorivac.com\/fr\/author\/francoadm\/"}]}},"_links":{"self":[{"href":"https:\/\/grupotorivac.com\/fr\/wp-json\/wp\/v2\/posts\/16007","targetHints":{"allow":["GET"]}}],"collection":[{"href":"https:\/\/grupotorivac.com\/fr\/wp-json\/wp\/v2\/posts"}],"about":[{"href":"https:\/\/grupotorivac.com\/fr\/wp-json\/wp\/v2\/types\/post"}],"author":[{"embeddable":true,"href":"https:\/\/grupotorivac.com\/fr\/wp-json\/wp\/v2\/users\/3"}],"replies":[{"embeddable":true,"href":"https:\/\/grupotorivac.com\/fr\/wp-json\/wp\/v2\/comments?post=16007"}],"version-history":[{"count":2,"href":"https:\/\/grupotorivac.com\/fr\/wp-json\/wp\/v2\/posts\/16007\/revisions"}],"predecessor-version":[{"id":16077,"href":"https:\/\/grupotorivac.com\/fr\/wp-json\/wp\/v2\/posts\/16007\/revisions\/16077"}],"wp:featuredmedia":[{"embeddable":true,"href":"https:\/\/grupotorivac.com\/fr\/wp-json\/wp\/v2\/media\/11352"}],"wp:attachment":[{"href":"https:\/\/grupotorivac.com\/fr\/wp-json\/wp\/v2\/media?parent=16007"}],"wp:term":[{"taxonomy":"category","embeddable":true,"href":"https:\/\/grupotorivac.com\/fr\/wp-json\/wp\/v2\/categories?post=16007"},{"taxonomy":"post_tag","embeddable":true,"href":"https:\/\/grupotorivac.com\/fr\/wp-json\/wp\/v2\/tags?post=16007"}],"curies":[{"name":"wp","href":"https:\/\/api.w.org\/{rel}","templated":true}]}}