{"id":16079,"date":"2025-06-03T15:27:02","date_gmt":"2025-06-03T15:27:02","guid":{"rendered":"https:\/\/grupotorivac.com\/torivac-consolida-su-liderazgo-en-el-sector-electrico-tras-su-participacion-en-coiltech-deutschland-2025\/"},"modified":"2026-03-23T15:46:54","modified_gmt":"2026-03-23T15:46:54","slug":"torivac-consolida-su-liderazgo-en-el-sector-electrico-tras-su-participacion-en-coiltech-deutschland-2025","status":"publish","type":"post","link":"https:\/\/grupotorivac.com\/en\/torivac-consolida-su-liderazgo-en-el-sector-electrico-tras-su-participacion-en-coiltech-deutschland-2025\/","title":{"rendered":"Torivac consolidates its leadership in the electricity sector following its participation in coiltech deutschland 2025"},"content":{"rendered":"\t\t<div data-elementor-type=\"wp-post\" data-elementor-id=\"16079\" class=\"elementor elementor-16079 elementor-11320\" data-elementor-post-type=\"post\">\n\t\t\t\t<div class=\"elementor-element elementor-element-7f26bdf5 e-flex e-con-boxed e-con e-parent\" data-id=\"7f26bdf5\" data-element_type=\"container\" data-e-type=\"container\">\n\t\t\t\t\t<div class=\"e-con-inner\">\n\t\t<div class=\"elementor-element elementor-element-a917789 e-con-full e-flex e-con e-child\" data-id=\"a917789\" data-element_type=\"container\" data-e-type=\"container\">\n\t\t\t\t<div class=\"elementor-element elementor-element-eb67895 elementor-hidden-desktop elementor-hidden-tablet elementor-hidden-mobile elementor-widget elementor-widget-html\" data-id=\"eb67895\" data-element_type=\"widget\" data-e-type=\"widget\" data-widget_type=\"html.default\">\n\t\t\t\t<div class=\"elementor-widget-container\">\n\t\t\t\t\t<style>\/* Contenedor de la imagen *\/\n#header_image .elementor-widget-container {\n  width: 100%;\n  aspect-ratio: 16 \/ 4;\n  overflow: hidden;\n}\n\n\/* Imagen *\/\n#header_image .elementor-widget-container img {\n  width: 100%;\n  height: 100%;\n  object-fit: cover;\n  display: block;\n}\n \n.elementor-shortcode h2 {\n    font-family: \"Advent Pro\", Sans-serif;\n    font-size: 42px;\n    color: #ba6b1e;\n}\n<\/style>\t\t\t\t<\/div>\n\t\t\t\t<\/div>\n\t\t<div class=\"elementor-element elementor-element-3ec9283 e-con-full e-flex e-con e-child\" data-id=\"3ec9283\" data-element_type=\"container\" data-e-type=\"container\" id=\"header_image\">\n\t\t\t\t<div class=\"elementor-element elementor-element-9e98de3 elementor-widget elementor-widget-image\" data-id=\"9e98de3\" data-element_type=\"widget\" data-e-type=\"widget\" data-widget_type=\"image.default\">\n\t\t\t\t<div class=\"elementor-widget-container\">\n\t\t\t\t\t\t\t\t\t\t\t\t\t\t\t<img fetchpriority=\"high\" decoding=\"async\" width=\"2000\" height=\"528\" src=\"https:\/\/grupotorivac.com\/wp-content\/uploads\/2025\/06\/upscalemedia-transformed.jpeg\" class=\"attachment-2048x2048 size-2048x2048 wp-image-11357\" alt=\"\" srcset=\"https:\/\/grupotorivac.com\/wp-content\/uploads\/2025\/06\/upscalemedia-transformed.jpeg 2000w, https:\/\/grupotorivac.com\/wp-content\/uploads\/2025\/06\/upscalemedia-transformed-300x79.jpeg 300w, https:\/\/grupotorivac.com\/wp-content\/uploads\/2025\/06\/upscalemedia-transformed-1024x270.jpeg 1024w, https:\/\/grupotorivac.com\/wp-content\/uploads\/2025\/06\/upscalemedia-transformed-768x203.jpeg 768w, https:\/\/grupotorivac.com\/wp-content\/uploads\/2025\/06\/upscalemedia-transformed-1536x406.jpeg 1536w, https:\/\/grupotorivac.com\/wp-content\/uploads\/2025\/06\/upscalemedia-transformed-260x69.jpeg 260w, https:\/\/grupotorivac.com\/wp-content\/uploads\/2025\/06\/upscalemedia-transformed-50x13.jpeg 50w, https:\/\/grupotorivac.com\/wp-content\/uploads\/2025\/06\/upscalemedia-transformed-150x40.jpeg 150w, https:\/\/grupotorivac.com\/wp-content\/uploads\/2025\/06\/upscalemedia-transformed-600x158.jpeg 600w\" sizes=\"(max-width: 2000px) 100vw, 2000px\" \/>\t\t\t\t\t\t\t\t\t\t\t\t\t\t\t<\/div>\n\t\t\t\t<\/div>\n\t\t\t\t<\/div>\n\t\t\t\t<div class=\"elementor-element elementor-element-7b0a703 elementor-widget elementor-widget-shortcode\" data-id=\"7b0a703\" data-element_type=\"widget\" data-e-type=\"widget\" data-widget_type=\"shortcode.default\">\n\t\t\t\t<div class=\"elementor-widget-container\">\n\t\t\t\t\t\t\t<div class=\"elementor-shortcode\"><h2>Torivac consolidates its leadership in the electricity sector following its participation in coiltech deutschland 2025<\/h2>\n<\/div>\n\t\t\t\t\t\t<\/div>\n\t\t\t\t<\/div>\n\t\t\t\t<\/div>\n\t\t<div class=\"elementor-element elementor-element-33b14c5 e-con-full e-flex e-con e-child\" data-id=\"33b14c5\" data-element_type=\"container\" data-e-type=\"container\">\n\t\t\t\t<div class=\"elementor-element elementor-element-692b32e elementor-widget elementor-widget-text-editor\" data-id=\"692b32e\" data-element_type=\"widget\" data-e-type=\"widget\" data-widget_type=\"text-editor.default\">\n\t\t\t\t<div class=\"elementor-widget-container\">\n\t\t\t\t\t\t\t\t\t<p>In March 2025, Torivac participated in &#8220;Coiltech deutschland&#8221;, one of the most relevant trade fairs for the electric motors, transformers and winding technologies sector. The event, held at the messe augsburg exhibition center, brought together professionals and companies from all over the world in an environment designed for the exchange of ideas, technological innovation and the development of new collaborative projects. <\/p><h3><strong>torivac innovation and technology highlighted at coiltech deutschland 2025<\/strong><\/h3><p>Coiltech deutschland has positioned itself as a key meeting point for the industry, combining an agile, efficient and highly market-oriented format. This philosophy fits naturally with the values of Torivac, which is committed to applied and accessible innovation for its customers. The experience of participating in this fair not only resulted in business contacts, but also in valuable discussions about the trends that are shaping the future of electromechanics.  <\/p><p>The event also provided the opportunity to attend the World Magnetic Conference, a series of technical conferences where academics, researchers and industry experts shared the latest advances in materials research, manufacturing processes and energy optimization. For Torivac, these learning spaces represent a constant source of inspiration and an opportunity to continue improving its solutions based on the most demanding technological requirements. <\/p><p>The atmosphere at Coiltech deutschland 2025 was one of collaboration and openness. Start-up companies, established manufacturers and research centers gathered under one roof, which favored the creation of strategic synergies. Torivac took advantage of this context to explore new business opportunities in markets such as Germany, Italy and France, where the demand for high-quality technical solutions continues to expand.  <\/p><p>The city of Augsburg, in addition to its privileged location in southern Germany, provided the ideal setting for a trade fair of this magnitude. Its excellent connectivity, together with the infrastructure of the fairgrounds, facilitated efficient logistics for both exhibitors and visitors. This detail, which may seem minor, makes a big difference in the overall experience of those who bet on these events to enhance their business strategies.  <\/p><p>During the show, Torivac&#8217;s booth became a reference point for those looking for innovation, reliability and commitment to quality. Discussions with engineers, purchasing managers and technical managers allowed the company to identify new areas of opportunity and further adapt its value proposition to the specific needs of each customer. <\/p><p>Beyond business contacts, Coiltech Deutschland served to reaffirm Torivac&#8217;s positioning as a company capable of anticipating market trends and responding with tailor-made solutions, combining cutting-edge technology, energy efficiency and a sustainable approach in all its processes.<\/p><p>Participation in this type of international event is a fundamental part of the company&#8217;s growth strategy. It is not just about selling products, but about building lasting relationships based on trust, constant innovation and a deep understanding of the challenges facing the industry. <\/p><p>Coiltech deutschland 2025 was, without a doubt, an unbeatable opportunity to reaffirm these values and demonstrate that torivac is prepared to continue growing, offering its customers the best solutions in electrical components, adapted to the needs of a global market that is constantly evolving.<\/p><p>With every trade show, every meeting and every new partnership, torivac reinforces its commitment to lead the future of the electromechanical industry, bringing its expertise and innovation to every corner where technology and energy make a difference.<\/p>\t\t\t\t\t\t\t\t<\/div>\n\t\t\t\t<\/div>\n\t\t\t\t<\/div>\n\t\t\t\t\t<\/div>\n\t\t\t\t<\/div>\n\t\t\t\t<\/div>\n\t\t","protected":false},"excerpt":{"rendered":"<p>In March 2025, Torivac participated in &#8220;Coiltech deutschland&#8221;, one of the most relevant trade fairs for the electric motors, transformers and winding technologies sector. The event,<span class=\"excerpt-hellip\"> [\u2026]<\/span><\/p>\n","protected":false},"author":3,"featured_media":11352,"comment_status":"closed","ping_status":"closed","sticky":false,"template":"elementor_header_footer","format":"standard","meta":{"_acf_changed":false,"footnotes":""},"categories":[606],"tags":[],"class_list":["post-16079","post","type-post","status-publish","format-standard","has-post-thumbnail","hentry","category-blog"],"acf":[],"yoast_head":"<!-- This site is optimized with the Yoast SEO plugin v27.2 - https:\/\/yoast.com\/product\/yoast-seo-wordpress\/ -->\n<title>Torivac consolidates strategic alliances in europe during coiltech deutschland 2025<\/title>\n<meta name=\"description\" content=\"Torivac boosts its internationalization with its participation in Coiltech Deutschland 2025, strengthening partnerships and presenting its cutting-edge solutions.\" \/>\n<meta name=\"robots\" content=\"index, follow, max-snippet:-1, max-image-preview:large, max-video-preview:-1\" \/>\n<link rel=\"canonical\" href=\"https:\/\/grupotorivac.com\/en\/torivac-consolida-su-liderazgo-en-el-sector-electrico-tras-su-participacion-en-coiltech-deutschland-2025\/\" \/>\n<meta property=\"og:locale\" content=\"en_US\" \/>\n<meta property=\"og:type\" content=\"article\" \/>\n<meta property=\"og:title\" content=\"Torivac consolidates strategic alliances in europe during coiltech deutschland 2025\" \/>\n<meta property=\"og:description\" content=\"Torivac boosts its internationalization with its participation in Coiltech Deutschland 2025, strengthening partnerships and presenting its cutting-edge solutions.\" \/>\n<meta property=\"og:url\" content=\"https:\/\/grupotorivac.com\/en\/torivac-consolida-su-liderazgo-en-el-sector-electrico-tras-su-participacion-en-coiltech-deutschland-2025\/\" \/>\n<meta property=\"og:site_name\" content=\"Torivac\" \/>\n<meta property=\"article:published_time\" content=\"2025-06-03T15:27:02+00:00\" \/>\n<meta property=\"article:modified_time\" content=\"2026-03-23T15:46:54+00:00\" \/>\n<meta property=\"og:image\" content=\"https:\/\/grupotorivac.com\/wp-content\/uploads\/2025\/06\/logo_coiltech_800-2.png\" \/>\n\t<meta property=\"og:image:width\" content=\"400\" \/>\n\t<meta property=\"og:image:height\" content=\"300\" \/>\n\t<meta property=\"og:image:type\" content=\"image\/png\" \/>\n<meta name=\"author\" content=\"Franco Santiso\" \/>\n<meta name=\"twitter:card\" content=\"summary_large_image\" \/>\n<meta name=\"twitter:label1\" content=\"Written by\" \/>\n\t<meta name=\"twitter:data1\" content=\"Franco Santiso\" \/>\n\t<meta name=\"twitter:label2\" content=\"Est. reading time\" \/>\n\t<meta name=\"twitter:data2\" content=\"3 minutes\" \/>\n<script type=\"application\/ld+json\" class=\"yoast-schema-graph\">{\"@context\":\"https:\/\/schema.org\",\"@graph\":[{\"@type\":\"Article\",\"@id\":\"https:\/\/grupotorivac.com\/en\/torivac-consolida-su-liderazgo-en-el-sector-electrico-tras-su-participacion-en-coiltech-deutschland-2025\/#article\",\"isPartOf\":{\"@id\":\"https:\/\/grupotorivac.com\/en\/torivac-consolida-su-liderazgo-en-el-sector-electrico-tras-su-participacion-en-coiltech-deutschland-2025\/\"},\"author\":{\"name\":\"Franco Santiso\",\"@id\":\"https:\/\/grupotorivac.com\/#\/schema\/person\/66a7a9ac227ee4c0306e33ff34be3c24\"},\"headline\":\"Torivac consolidates its leadership in the electricity sector following its participation in coiltech deutschland 2025\",\"datePublished\":\"2025-06-03T15:27:02+00:00\",\"dateModified\":\"2026-03-23T15:46:54+00:00\",\"mainEntityOfPage\":{\"@id\":\"https:\/\/grupotorivac.com\/en\/torivac-consolida-su-liderazgo-en-el-sector-electrico-tras-su-participacion-en-coiltech-deutschland-2025\/\"},\"wordCount\":551,\"publisher\":{\"@id\":\"https:\/\/grupotorivac.com\/#organization\"},\"image\":{\"@id\":\"https:\/\/grupotorivac.com\/en\/torivac-consolida-su-liderazgo-en-el-sector-electrico-tras-su-participacion-en-coiltech-deutschland-2025\/#primaryimage\"},\"thumbnailUrl\":\"https:\/\/grupotorivac.com\/wp-content\/uploads\/2025\/06\/logo_coiltech_800-2.png\",\"articleSection\":[\"blog\"],\"inLanguage\":\"en-US\"},{\"@type\":\"WebPage\",\"@id\":\"https:\/\/grupotorivac.com\/en\/torivac-consolida-su-liderazgo-en-el-sector-electrico-tras-su-participacion-en-coiltech-deutschland-2025\/\",\"url\":\"https:\/\/grupotorivac.com\/en\/torivac-consolida-su-liderazgo-en-el-sector-electrico-tras-su-participacion-en-coiltech-deutschland-2025\/\",\"name\":\"Torivac consolidates strategic alliances in europe during coiltech deutschland 2025\",\"isPartOf\":{\"@id\":\"https:\/\/grupotorivac.com\/#website\"},\"primaryImageOfPage\":{\"@id\":\"https:\/\/grupotorivac.com\/en\/torivac-consolida-su-liderazgo-en-el-sector-electrico-tras-su-participacion-en-coiltech-deutschland-2025\/#primaryimage\"},\"image\":{\"@id\":\"https:\/\/grupotorivac.com\/en\/torivac-consolida-su-liderazgo-en-el-sector-electrico-tras-su-participacion-en-coiltech-deutschland-2025\/#primaryimage\"},\"thumbnailUrl\":\"https:\/\/grupotorivac.com\/wp-content\/uploads\/2025\/06\/logo_coiltech_800-2.png\",\"datePublished\":\"2025-06-03T15:27:02+00:00\",\"dateModified\":\"2026-03-23T15:46:54+00:00\",\"description\":\"Torivac boosts its internationalization with its participation in Coiltech Deutschland 2025, strengthening partnerships and presenting its cutting-edge solutions.\",\"breadcrumb\":{\"@id\":\"https:\/\/grupotorivac.com\/en\/torivac-consolida-su-liderazgo-en-el-sector-electrico-tras-su-participacion-en-coiltech-deutschland-2025\/#breadcrumb\"},\"inLanguage\":\"en-US\",\"potentialAction\":[{\"@type\":\"ReadAction\",\"target\":[\"https:\/\/grupotorivac.com\/en\/torivac-consolida-su-liderazgo-en-el-sector-electrico-tras-su-participacion-en-coiltech-deutschland-2025\/\"]}]},{\"@type\":\"ImageObject\",\"inLanguage\":\"en-US\",\"@id\":\"https:\/\/grupotorivac.com\/en\/torivac-consolida-su-liderazgo-en-el-sector-electrico-tras-su-participacion-en-coiltech-deutschland-2025\/#primaryimage\",\"url\":\"https:\/\/grupotorivac.com\/wp-content\/uploads\/2025\/06\/logo_coiltech_800-2.png\",\"contentUrl\":\"https:\/\/grupotorivac.com\/wp-content\/uploads\/2025\/06\/logo_coiltech_800-2.png\",\"width\":400,\"height\":300},{\"@type\":\"BreadcrumbList\",\"@id\":\"https:\/\/grupotorivac.com\/en\/torivac-consolida-su-liderazgo-en-el-sector-electrico-tras-su-participacion-en-coiltech-deutschland-2025\/#breadcrumb\",\"itemListElement\":[{\"@type\":\"ListItem\",\"position\":1,\"name\":\"Portada\",\"item\":\"https:\/\/grupotorivac.com\/de\/\"},{\"@type\":\"ListItem\",\"position\":2,\"name\":\"Torivac consolidates its leadership in the electricity sector following its participation in coiltech deutschland 2025\"}]},{\"@type\":\"WebSite\",\"@id\":\"https:\/\/grupotorivac.com\/#website\",\"url\":\"https:\/\/grupotorivac.com\/\",\"name\":\"Torivac\",\"description\":\"Especializados en dise\u00f1o y fabricaci\u00f3n de variados de tensi\u00f3n\",\"publisher\":{\"@id\":\"https:\/\/grupotorivac.com\/#organization\"},\"alternateName\":\"Torivac S.L\",\"potentialAction\":[{\"@type\":\"SearchAction\",\"target\":{\"@type\":\"EntryPoint\",\"urlTemplate\":\"https:\/\/grupotorivac.com\/?s={search_term_string}\"},\"query-input\":{\"@type\":\"PropertyValueSpecification\",\"valueRequired\":true,\"valueName\":\"search_term_string\"}}],\"inLanguage\":\"en-US\"},{\"@type\":\"Organization\",\"@id\":\"https:\/\/grupotorivac.com\/#organization\",\"name\":\"Torivac\",\"alternateName\":\"Torivac S.L\",\"url\":\"https:\/\/grupotorivac.com\/\",\"logo\":{\"@type\":\"ImageObject\",\"inLanguage\":\"en-US\",\"@id\":\"https:\/\/grupotorivac.com\/#\/schema\/logo\/image\/\",\"url\":\"https:\/\/grupotorivac.com\/wp-content\/uploads\/2025\/02\/Diseno-sin-titulo-73.png\",\"contentUrl\":\"https:\/\/grupotorivac.com\/wp-content\/uploads\/2025\/02\/Diseno-sin-titulo-73.png\",\"width\":250,\"height\":250,\"caption\":\"Torivac\"},\"image\":{\"@id\":\"https:\/\/grupotorivac.com\/#\/schema\/logo\/image\/\"}},{\"@type\":\"Person\",\"@id\":\"https:\/\/grupotorivac.com\/#\/schema\/person\/66a7a9ac227ee4c0306e33ff34be3c24\",\"name\":\"Franco Santiso\",\"image\":{\"@type\":\"ImageObject\",\"inLanguage\":\"en-US\",\"@id\":\"https:\/\/secure.gravatar.com\/avatar\/3e691e40ad87da5eb1e273b36578b364bae76a43c3de9c1754bae6b45966b3f4?s=96&d=mm&r=g\",\"url\":\"https:\/\/secure.gravatar.com\/avatar\/3e691e40ad87da5eb1e273b36578b364bae76a43c3de9c1754bae6b45966b3f4?s=96&d=mm&r=g\",\"contentUrl\":\"https:\/\/secure.gravatar.com\/avatar\/3e691e40ad87da5eb1e273b36578b364bae76a43c3de9c1754bae6b45966b3f4?s=96&d=mm&r=g\",\"caption\":\"Franco Santiso\"},\"url\":\"https:\/\/grupotorivac.com\/en\/author\/francoadm\/\"}]}<\/script>\n<!-- \/ Yoast SEO plugin. -->","yoast_head_json":{"title":"Torivac consolidates strategic alliances in europe during coiltech deutschland 2025","description":"Torivac boosts its internationalization with its participation in Coiltech Deutschland 2025, strengthening partnerships and presenting its cutting-edge solutions.","robots":{"index":"index","follow":"follow","max-snippet":"max-snippet:-1","max-image-preview":"max-image-preview:large","max-video-preview":"max-video-preview:-1"},"canonical":"https:\/\/grupotorivac.com\/en\/torivac-consolida-su-liderazgo-en-el-sector-electrico-tras-su-participacion-en-coiltech-deutschland-2025\/","og_locale":"en_US","og_type":"article","og_title":"Torivac consolidates strategic alliances in europe during coiltech deutschland 2025","og_description":"Torivac boosts its internationalization with its participation in Coiltech Deutschland 2025, strengthening partnerships and presenting its cutting-edge solutions.","og_url":"https:\/\/grupotorivac.com\/en\/torivac-consolida-su-liderazgo-en-el-sector-electrico-tras-su-participacion-en-coiltech-deutschland-2025\/","og_site_name":"Torivac","article_published_time":"2025-06-03T15:27:02+00:00","article_modified_time":"2026-03-23T15:46:54+00:00","og_image":[{"width":400,"height":300,"url":"https:\/\/grupotorivac.com\/wp-content\/uploads\/2025\/06\/logo_coiltech_800-2.png","type":"image\/png"}],"author":"Franco Santiso","twitter_card":"summary_large_image","twitter_misc":{"Written by":"Franco Santiso","Est. reading time":"3 minutes"},"schema":{"@context":"https:\/\/schema.org","@graph":[{"@type":"Article","@id":"https:\/\/grupotorivac.com\/en\/torivac-consolida-su-liderazgo-en-el-sector-electrico-tras-su-participacion-en-coiltech-deutschland-2025\/#article","isPartOf":{"@id":"https:\/\/grupotorivac.com\/en\/torivac-consolida-su-liderazgo-en-el-sector-electrico-tras-su-participacion-en-coiltech-deutschland-2025\/"},"author":{"name":"Franco Santiso","@id":"https:\/\/grupotorivac.com\/#\/schema\/person\/66a7a9ac227ee4c0306e33ff34be3c24"},"headline":"Torivac consolidates its leadership in the electricity sector following its participation in coiltech deutschland 2025","datePublished":"2025-06-03T15:27:02+00:00","dateModified":"2026-03-23T15:46:54+00:00","mainEntityOfPage":{"@id":"https:\/\/grupotorivac.com\/en\/torivac-consolida-su-liderazgo-en-el-sector-electrico-tras-su-participacion-en-coiltech-deutschland-2025\/"},"wordCount":551,"publisher":{"@id":"https:\/\/grupotorivac.com\/#organization"},"image":{"@id":"https:\/\/grupotorivac.com\/en\/torivac-consolida-su-liderazgo-en-el-sector-electrico-tras-su-participacion-en-coiltech-deutschland-2025\/#primaryimage"},"thumbnailUrl":"https:\/\/grupotorivac.com\/wp-content\/uploads\/2025\/06\/logo_coiltech_800-2.png","articleSection":["blog"],"inLanguage":"en-US"},{"@type":"WebPage","@id":"https:\/\/grupotorivac.com\/en\/torivac-consolida-su-liderazgo-en-el-sector-electrico-tras-su-participacion-en-coiltech-deutschland-2025\/","url":"https:\/\/grupotorivac.com\/en\/torivac-consolida-su-liderazgo-en-el-sector-electrico-tras-su-participacion-en-coiltech-deutschland-2025\/","name":"Torivac consolidates strategic alliances in europe during coiltech deutschland 2025","isPartOf":{"@id":"https:\/\/grupotorivac.com\/#website"},"primaryImageOfPage":{"@id":"https:\/\/grupotorivac.com\/en\/torivac-consolida-su-liderazgo-en-el-sector-electrico-tras-su-participacion-en-coiltech-deutschland-2025\/#primaryimage"},"image":{"@id":"https:\/\/grupotorivac.com\/en\/torivac-consolida-su-liderazgo-en-el-sector-electrico-tras-su-participacion-en-coiltech-deutschland-2025\/#primaryimage"},"thumbnailUrl":"https:\/\/grupotorivac.com\/wp-content\/uploads\/2025\/06\/logo_coiltech_800-2.png","datePublished":"2025-06-03T15:27:02+00:00","dateModified":"2026-03-23T15:46:54+00:00","description":"Torivac boosts its internationalization with its participation in Coiltech Deutschland 2025, strengthening partnerships and presenting its cutting-edge solutions.","breadcrumb":{"@id":"https:\/\/grupotorivac.com\/en\/torivac-consolida-su-liderazgo-en-el-sector-electrico-tras-su-participacion-en-coiltech-deutschland-2025\/#breadcrumb"},"inLanguage":"en-US","potentialAction":[{"@type":"ReadAction","target":["https:\/\/grupotorivac.com\/en\/torivac-consolida-su-liderazgo-en-el-sector-electrico-tras-su-participacion-en-coiltech-deutschland-2025\/"]}]},{"@type":"ImageObject","inLanguage":"en-US","@id":"https:\/\/grupotorivac.com\/en\/torivac-consolida-su-liderazgo-en-el-sector-electrico-tras-su-participacion-en-coiltech-deutschland-2025\/#primaryimage","url":"https:\/\/grupotorivac.com\/wp-content\/uploads\/2025\/06\/logo_coiltech_800-2.png","contentUrl":"https:\/\/grupotorivac.com\/wp-content\/uploads\/2025\/06\/logo_coiltech_800-2.png","width":400,"height":300},{"@type":"BreadcrumbList","@id":"https:\/\/grupotorivac.com\/en\/torivac-consolida-su-liderazgo-en-el-sector-electrico-tras-su-participacion-en-coiltech-deutschland-2025\/#breadcrumb","itemListElement":[{"@type":"ListItem","position":1,"name":"Portada","item":"https:\/\/grupotorivac.com\/de\/"},{"@type":"ListItem","position":2,"name":"Torivac consolidates its leadership in the electricity sector following its participation in coiltech deutschland 2025"}]},{"@type":"WebSite","@id":"https:\/\/grupotorivac.com\/#website","url":"https:\/\/grupotorivac.com\/","name":"Torivac","description":"Especializados en dise\u00f1o y fabricaci\u00f3n de variados de tensi\u00f3n","publisher":{"@id":"https:\/\/grupotorivac.com\/#organization"},"alternateName":"Torivac S.L","potentialAction":[{"@type":"SearchAction","target":{"@type":"EntryPoint","urlTemplate":"https:\/\/grupotorivac.com\/?s={search_term_string}"},"query-input":{"@type":"PropertyValueSpecification","valueRequired":true,"valueName":"search_term_string"}}],"inLanguage":"en-US"},{"@type":"Organization","@id":"https:\/\/grupotorivac.com\/#organization","name":"Torivac","alternateName":"Torivac S.L","url":"https:\/\/grupotorivac.com\/","logo":{"@type":"ImageObject","inLanguage":"en-US","@id":"https:\/\/grupotorivac.com\/#\/schema\/logo\/image\/","url":"https:\/\/grupotorivac.com\/wp-content\/uploads\/2025\/02\/Diseno-sin-titulo-73.png","contentUrl":"https:\/\/grupotorivac.com\/wp-content\/uploads\/2025\/02\/Diseno-sin-titulo-73.png","width":250,"height":250,"caption":"Torivac"},"image":{"@id":"https:\/\/grupotorivac.com\/#\/schema\/logo\/image\/"}},{"@type":"Person","@id":"https:\/\/grupotorivac.com\/#\/schema\/person\/66a7a9ac227ee4c0306e33ff34be3c24","name":"Franco Santiso","image":{"@type":"ImageObject","inLanguage":"en-US","@id":"https:\/\/secure.gravatar.com\/avatar\/3e691e40ad87da5eb1e273b36578b364bae76a43c3de9c1754bae6b45966b3f4?s=96&d=mm&r=g","url":"https:\/\/secure.gravatar.com\/avatar\/3e691e40ad87da5eb1e273b36578b364bae76a43c3de9c1754bae6b45966b3f4?s=96&d=mm&r=g","contentUrl":"https:\/\/secure.gravatar.com\/avatar\/3e691e40ad87da5eb1e273b36578b364bae76a43c3de9c1754bae6b45966b3f4?s=96&d=mm&r=g","caption":"Franco Santiso"},"url":"https:\/\/grupotorivac.com\/en\/author\/francoadm\/"}]}},"_links":{"self":[{"href":"https:\/\/grupotorivac.com\/en\/wp-json\/wp\/v2\/posts\/16079","targetHints":{"allow":["GET"]}}],"collection":[{"href":"https:\/\/grupotorivac.com\/en\/wp-json\/wp\/v2\/posts"}],"about":[{"href":"https:\/\/grupotorivac.com\/en\/wp-json\/wp\/v2\/types\/post"}],"author":[{"embeddable":true,"href":"https:\/\/grupotorivac.com\/en\/wp-json\/wp\/v2\/users\/3"}],"replies":[{"embeddable":true,"href":"https:\/\/grupotorivac.com\/en\/wp-json\/wp\/v2\/comments?post=16079"}],"version-history":[{"count":1,"href":"https:\/\/grupotorivac.com\/en\/wp-json\/wp\/v2\/posts\/16079\/revisions"}],"predecessor-version":[{"id":16081,"href":"https:\/\/grupotorivac.com\/en\/wp-json\/wp\/v2\/posts\/16079\/revisions\/16081"}],"wp:featuredmedia":[{"embeddable":true,"href":"https:\/\/grupotorivac.com\/en\/wp-json\/wp\/v2\/media\/11352"}],"wp:attachment":[{"href":"https:\/\/grupotorivac.com\/en\/wp-json\/wp\/v2\/media?parent=16079"}],"wp:term":[{"taxonomy":"category","embeddable":true,"href":"https:\/\/grupotorivac.com\/en\/wp-json\/wp\/v2\/categories?post=16079"},{"taxonomy":"post_tag","embeddable":true,"href":"https:\/\/grupotorivac.com\/en\/wp-json\/wp\/v2\/tags?post=16079"}],"curies":[{"name":"wp","href":"https:\/\/api.w.org\/{rel}","templated":true}]}}