{"id":16032,"date":"2024-11-18T15:44:09","date_gmt":"2024-11-18T15:44:09","guid":{"rendered":"https:\/\/grupotorivac.com\/torivac-en-beyond-catalonia\/"},"modified":"2026-03-23T16:10:51","modified_gmt":"2026-03-23T16:10:51","slug":"torivac-en-beyond-catalonia","status":"publish","type":"post","link":"https:\/\/grupotorivac.com\/de\/torivac-en-beyond-catalonia\/","title":{"rendered":"Torivac in Jenseits von Katalonien"},"content":{"rendered":"\t\t<div data-elementor-type=\"wp-post\" data-elementor-id=\"16032\" class=\"elementor elementor-16032 elementor-8414\" data-elementor-post-type=\"post\">\n\t\t\t\t<div class=\"elementor-element elementor-element-157fc7e e-flex e-con-boxed e-con e-parent\" data-id=\"157fc7e\" data-element_type=\"container\" data-e-type=\"container\">\n\t\t\t\t\t<div class=\"e-con-inner\">\n\t\t<div class=\"elementor-element elementor-element-60b21fbd e-con-full e-flex e-con e-child\" data-id=\"60b21fbd\" data-element_type=\"container\" data-e-type=\"container\">\n\t\t\t\t<div class=\"elementor-element elementor-element-448816a5 elementor-hidden-desktop elementor-hidden-tablet elementor-hidden-mobile elementor-widget elementor-widget-html\" data-id=\"448816a5\" data-element_type=\"widget\" data-e-type=\"widget\" data-widget_type=\"html.default\">\n\t\t\t\t<div class=\"elementor-widget-container\">\n\t\t\t\t\t<style>\/* Contenedor de la imagen *\/\n#header_image .elementor-widget-container {\n  width: 100%;\n  aspect-ratio: 16 \/ 4;\n  overflow: hidden;\n}\n\n\/* Imagen *\/\n#header_image .elementor-widget-container img {\n  width: 100%;\n  height: 100%;\n  object-fit: cover;\n  display: block;\n  object-position: 50% 20%;\n}\n \n.elementor-shortcode h2 {\n    font-family: \"Advent Pro\", Sans-serif;\n    font-size: 42px;\n    color: #ba6b1e;\n}\n<\/style>\t\t\t\t<\/div>\n\t\t\t\t<\/div>\n\t\t<div class=\"elementor-element elementor-element-23cb85ae e-con-full e-flex e-con e-child\" data-id=\"23cb85ae\" data-element_type=\"container\" data-e-type=\"container\" id=\"header_image\">\n\t\t\t\t<div class=\"elementor-element elementor-element-1b170ee3 elementor-widget elementor-widget-image\" data-id=\"1b170ee3\" data-element_type=\"widget\" data-e-type=\"widget\" data-widget_type=\"image.default\">\n\t\t\t\t<div class=\"elementor-widget-container\">\n\t\t\t\t\t\t\t\t\t\t\t\t\t\t\t<img fetchpriority=\"high\" decoding=\"async\" width=\"1800\" height=\"1200\" src=\"https:\/\/grupotorivac.com\/wp-content\/uploads\/2024\/11\/beyond-catalonia.jpg\" class=\"attachment-2048x2048 size-2048x2048 wp-image-10101\" alt=\"Torivac in Katalonien, konkretisieren wir vom World Trade Center in Barcelona aus Allianzen und Expansionsstrategien auf internationalen M\u00e4rkten.\" srcset=\"https:\/\/grupotorivac.com\/wp-content\/uploads\/2024\/11\/beyond-catalonia.jpg 1800w, https:\/\/grupotorivac.com\/wp-content\/uploads\/2024\/11\/beyond-catalonia-300x200.jpg 300w, https:\/\/grupotorivac.com\/wp-content\/uploads\/2024\/11\/beyond-catalonia-1024x683.jpg 1024w, https:\/\/grupotorivac.com\/wp-content\/uploads\/2024\/11\/beyond-catalonia-768x512.jpg 768w, https:\/\/grupotorivac.com\/wp-content\/uploads\/2024\/11\/beyond-catalonia-1536x1024.jpg 1536w, https:\/\/grupotorivac.com\/wp-content\/uploads\/2024\/11\/beyond-catalonia-219x146.jpg 219w, https:\/\/grupotorivac.com\/wp-content\/uploads\/2024\/11\/beyond-catalonia-50x33.jpg 50w, https:\/\/grupotorivac.com\/wp-content\/uploads\/2024\/11\/beyond-catalonia-113x75.jpg 113w, https:\/\/grupotorivac.com\/wp-content\/uploads\/2024\/11\/beyond-catalonia-600x400.jpg 600w\" sizes=\"(max-width: 1800px) 100vw, 1800px\" \/>\t\t\t\t\t\t\t\t\t\t\t\t\t\t\t<\/div>\n\t\t\t\t<\/div>\n\t\t\t\t<\/div>\n\t\t\t\t<div class=\"elementor-element elementor-element-190f7bdc elementor-widget elementor-widget-shortcode\" data-id=\"190f7bdc\" data-element_type=\"widget\" data-e-type=\"widget\" data-widget_type=\"shortcode.default\">\n\t\t\t\t<div class=\"elementor-widget-container\">\n\t\t\t\t\t\t\t<div class=\"elementor-shortcode\"><h2>Torivac in Jenseits von Katalonien<\/h2>\n<\/div>\n\t\t\t\t\t\t<\/div>\n\t\t\t\t<\/div>\n\t\t\t\t<\/div>\n\t\t<div class=\"elementor-element elementor-element-6229e4de e-con-full e-flex e-con e-child\" data-id=\"6229e4de\" data-element_type=\"container\" data-e-type=\"container\">\n\t\t\t\t<div class=\"elementor-element elementor-element-1f15454f elementor-widget elementor-widget-text-editor\" data-id=\"1f15454f\" data-element_type=\"widget\" data-e-type=\"widget\" data-widget_type=\"text-editor.default\">\n\t\t\t\t<div class=\"elementor-widget-container\">\n\t\t\t\t\t\t\t\t\t<h3>Jenseits von Katalonien \u00f6ffnet T\u00fcren zum globalen Handel<\/h3><p>Torivac wird auf der Veranstaltung Beyond Catalona vertreten sein, die von ACCI\u00d3 &#8211; Ag\u00e8ncia per la Competitivitat de l&#8217;Empresa organisiert wird.<\/p><p>Beyond Catalonia stellte f\u00fcr Torivac eine strategische Gelegenheit dar, unsere Pr\u00e4senz auf den internationalen M\u00e4rkten zu st\u00e4rken. Diese von ACCI\u00d3 &#8211; Ag\u00e8ncia per la Competitivitat de l&#8217;Empresa organisierte Veranstaltung fand im World Trade Center in Barcelona statt und hat sich als der wichtigste Treffpunkt f\u00fcr katalanische Unternehmen mit einer globalen Vision etabliert. Beyond Catalonia ist die Weiterentwicklung von mehr als 30 Ausgaben der Internationalisierungswoche und ist weiterhin eine wichtige Plattform f\u00fcr die Erkundung neuer Gesch\u00e4ftsm\u00f6glichkeiten in einem stark wettbewerbsorientierten Umfeld.  <\/p><p>Die Teilnahme an Veranstaltungen dieser Gr\u00f6\u00dfenordnung erm\u00f6glicht es uns nicht nur, unser Kontaktnetzwerk zu erweitern, sondern auch wertvolle Informationen \u00fcber Trends, Vorschriften und internationale Marktanforderungen zu erhalten. Wir bei Torivac wissen, dass Innovation und Expansion von grundlegender Bedeutung sind, um weiterhin Qualit\u00e4tsl\u00f6sungen f\u00fcr die Spannungsregulierung und die elektrische Umwandlung anzubieten. <\/p>\t\t\t\t\t\t\t\t<\/div>\n\t\t\t\t<\/div>\n\t\t\t\t<div class=\"elementor-element elementor-element-684f080 elementor-widget elementor-widget-text-editor\" data-id=\"684f080\" data-element_type=\"widget\" data-e-type=\"widget\" data-widget_type=\"text-editor.default\">\n\t\t\t\t<div class=\"elementor-widget-container\">\n\t\t\t\t\t\t\t\t\t<h3><span style=\"font-family: 'PT Sans', Helvetica, Arial, sans-serif; font-size: 26px; font-weight: 600;\">Was ist Beyond Catalonia?<\/span><\/h3><p>Beyond Catalonia ist eine von ACCI\u00d3 &#8211; Ag\u00e8ncia per la Competitivitat de l&#8217;Empresa organisierte Gesch\u00e4ftsveranstaltung, die die Internationalisierung katalanischer Unternehmen f\u00f6rdern soll. Dieses Forum bringt Unternehmen, Au\u00dfenhandelsexperten und Vertreter der internationalen M\u00e4rkte zusammen, um neue Gesch\u00e4ftsm\u00f6glichkeiten zu erkunden, globale Trends zu analysieren und Verbindungen mit strategischen Partnern zu erleichtern. <\/p>\t\t\t\t\t\t\t\t<\/div>\n\t\t\t\t<\/div>\n\t\t\t\t<div class=\"elementor-element elementor-element-7088820 elementor-widget elementor-widget-text-editor\" data-id=\"7088820\" data-element_type=\"widget\" data-e-type=\"widget\" data-widget_type=\"text-editor.default\">\n\t\t\t\t<div class=\"elementor-widget-container\">\n\t\t\t\t\t\t\t\t\t<h3><span style=\"font-family: 'PT Sans', Helvetica, Arial, sans-serif; font-size: 26px; font-weight: 600;\">KI f\u00fcr Handelsmanagement und internationale Expansion, eines der Hauptthemen<\/span><\/h3><p>Eines der zentralen Themen war die Bedeutung der Schaffung einer internationalen Market Intelligence Unit, die Methoden zur Analyse von Trends und Chancen in verschiedenen Sektoren bereitstellt. Wir diskutierten die Effektivit\u00e4t von Google Ads als digitaler Kanal f\u00fcr die Kundenakquise in neuen M\u00e4rkten und bewerteten seine Rentabilit\u00e4t und Segmentierung. <br>Andererseits spielte die k\u00fcnstliche Intelligenz eine herausragende Rolle bei der Pr\u00e4sentation \u00fcber KI im Management des internationalen B2B-Handels, bei der ihre Anwendungen bei der Automatisierung und Optimierung von Gesch\u00e4ftsprozessen untersucht wurden.<br>Au\u00dferdem haben wir uns mit dem Konzept der Customer Journey (dem Prozess, bei dem ein Kunde ein Unternehmen kennenlernt, einen Kauf t\u00e4tigt und dann zu einem Stammkunden wird) und seiner Internationalisierung befasst sowie mit der Frage, wie man einen effektiven Werbeplan aufstellt.<br>Wir haben verschiedene Finanzierungsinstrumente und \u00f6ffentliche Unterst\u00fctzung f\u00fcr Exporteure vorgestellt, die den Zugang zu wichtigen Ressourcen erleichtern, die die internationale Expansion von Unternehmen f\u00f6rdern. Die Internationalisierung erfordert wirtschaftliche und strategische Ressourcen, um die Herausforderungen des Au\u00dfenhandels zu meistern, von den Anfangsinvestitionen in Werbung und Vertrieb bis hin zum Management der finanziellen Risiken, die mit globalen Transaktionen verbunden sind.<br>Ein weiterer wesentlicher Punkt war der Zugang zu Informationsplattformen und spezialisierter Beratung, wie sie von ACCI\u00d3 und der Handelskammer angeboten werden, die Marktstudien, Handelsmissionen und pers\u00f6nliche Beratung zu rechtlichen, steuerlichen und logistischen Aspekten anbieten. Diese Instrumente erm\u00f6glichen es den Unternehmen, die Lernkurve auf ausl\u00e4ndischen M\u00e4rkten zu verk\u00fcrzen und ihre Eintrittsstrategie zu optimieren.  <\/p>\t\t\t\t\t\t\t\t<\/div>\n\t\t\t\t<\/div>\n\t\t\t\t<div class=\"elementor-element elementor-element-13e26b9 elementor-widget elementor-widget-text-editor\" data-id=\"13e26b9\" data-element_type=\"widget\" data-e-type=\"widget\" data-widget_type=\"text-editor.default\">\n\t\t\t\t<div class=\"elementor-widget-container\">\n\t\t\t\t\t\t\t\t\t<h3><span style=\"font-family: 'PT Sans', Helvetica, Arial, sans-serif; font-size: 26px; font-weight: 600;\">Konsolidierung einer neuen Expansionsstrategie<\/span><\/h3><p>Die Erfolgsbilanz von Torivac in Europa hat den hohen Wert unserer Produkte, wie z.B. variable Spannungsantriebe, Ringkerntransformatoren, Spartransformatoren und Lastb\u00e4nke, bewiesen. Unsere Technologie hat in zahlreichen Branchen eine Schl\u00fcsselrolle gespielt und f\u00fcr eine stabile und effiziente Stromversorgung gesorgt. Unser Wachstum kennt jedoch keine Grenzen und wir sind bereit, den n\u00e4chsten Schritt zu tun.  <\/p><p>Jenseits von Katalonien hatten wir die M\u00f6glichkeit, neue M\u00e4rkte zu erkunden und unsere Pr\u00e4senz au\u00dferhalb Europas zu st\u00e4rken. Eines unserer wichtigsten potenziellen Ziele ist Amerika, das eine wachsende Nachfrage nach L\u00f6sungen zur Spannungsregulierung in den Bereichen Industrie, Technologie und Energie hat. Unser Ziel ist es, Unternehmen, die ihre elektrische Infrastruktur mit effizienten, an ihre Bed\u00fcrfnisse angepassten Produkten optimieren wollen, unsere Erfahrung und Qualit\u00e4t zur Verf\u00fcgung zu stellen.<br>Dieses Treffen vermittelte uns die notwendigen Werkzeuge und Kenntnisse, um eine effektive Internationalisierungsstrategie zu entwickeln. Wir konnten uns mit Au\u00dfenhandelsexperten austauschen, globale Trends analysieren und den besten Weg zur Konsolidierung unserer Expansion definieren.<br>Als Unternehmen mit langj\u00e4hriger Erfahrung glauben wir, dass der Schl\u00fcssel zum Erfolg in der Vorbereitung und der F\u00e4higkeit liegt, sich an neue Umgebungen anzupassen. Beyond Catalonia ist das ideale Szenario, um unser Fundament zu st\u00e4rken und uns fest auf eine globale Zukunft auszurichten. Wir sind \u00fcberzeugt, dass diese Veranstaltung es uns erm\u00f6glichen wird, weiter zu wachsen und mehr Kunden auf der ganzen Welt innovative L\u00f6sungen und neue Allianzen anzubieten.     <\/p>\t\t\t\t\t\t\t\t<\/div>\n\t\t\t\t<\/div>\n\t\t\t\t<div class=\"elementor-element elementor-element-f2533bb elementor-widget elementor-widget-text-editor\" data-id=\"f2533bb\" data-element_type=\"widget\" data-e-type=\"widget\" data-widget_type=\"text-editor.default\">\n\t\t\t\t<div class=\"elementor-widget-container\">\n\t\t\t\t\t\t\t\t\t<h3><span style=\"font-family: 'PT Sans', Helvetica, Arial, sans-serif; font-size: 26px; font-weight: 600;\">Torivac ist ein Unternehmen, das sich auf die Entwicklung und Herstellung von Ringkerntransformatoren und Antrieben mit variabler Spannung spezialisiert hat.<\/span><\/h3><p>Wir verf\u00fcgen \u00fcber eine fast 60-j\u00e4hrige Erfahrung in diesem Sektor, die es uns erm\u00f6glicht hat, in mehr als 30 L\u00e4ndern pr\u00e4sent zu sein.<br>Wir verf\u00fcgen \u00fcber ein technisches Team, das die Herstellung von hochpr\u00e4zisen und effizienten Ger\u00e4ten garantiert. Unsere Arbeitsmethodik erm\u00f6glicht es uns, in jeder Phase eines Projekts fortschrittliche Simulationen durchzuf\u00fchren, um zu gew\u00e4hrleisten, dass jedes Bauteil, von Ringkernspannungswandlern, Regeltransformatoren, Batterieentladern, Potentiometern und Ringbandkernen, den h\u00f6chsten Standards der Branche entspricht.<br>Wir arbeiten eng mit Unternehmen zusammen, die \u00fcber eine gro\u00dfe Infrastruktur verf\u00fcgen, um ma\u00dfgeschneiderte und effiziente L\u00f6sungen zu gew\u00e4hrleisten. Wir sind bestrebt, auf die Anforderungen von Branchen wie Technologie, Energie und Automobil zu reagieren. Unser Ziel ist es, weiterhin innovativ zu sein, strategische Allianzen zu st\u00e4rken und unsere globale Reichweite zu erweitern, wobei wir stets das G\u00fctesiegel f\u00fcr Qualit\u00e4t und Exzellenz beibehalten, das uns seit unseren Anf\u00e4ngen auszeichnet.   <\/p><p>Wenn dieser Artikel Ihr Interesse geweckt hat und Sie mehr erfahren m\u00f6chten, z\u00f6gern Sie nicht und besuchen Sie die <a href=\"https:\/\/grupotorivac.com\/de\/\" target=\"_blank\" rel=\"noopener\"><strong>der Torivac Website<\/strong><\/a>.<\/p><p>Wir freuen uns darauf, Sie willkommen zu hei\u00dfen!<\/p>\t\t\t\t\t\t\t\t<\/div>\n\t\t\t\t<\/div>\n\t\t\t\t<\/div>\n\t\t\t\t\t<\/div>\n\t\t\t\t<\/div>\n\t\t\t\t<\/div>\n\t\t","protected":false},"excerpt":{"rendered":"<p>Jenseits von Katalonien \u00f6ffnet T\u00fcren zum globalen Handel Torivac wird auf der Veranstaltung Beyond Catalona vertreten sein, die von ACCI\u00d3 &#8211; Ag\u00e8ncia per la Competitivitat de<span class=\"excerpt-hellip\"> [\u2026]<\/span><\/p>\n","protected":false},"author":3,"featured_media":10101,"comment_status":"closed","ping_status":"closed","sticky":false,"template":"elementor_header_footer","format":"standard","meta":{"_acf_changed":false,"footnotes":""},"categories":[604],"tags":[],"class_list":["post-16032","post","type-post","status-publish","format-standard","has-post-thumbnail","hentry","category-blog"],"acf":[],"yoast_head":"<!-- This site is optimized with the Yoast SEO plugin v27.2 - https:\/\/yoast.com\/product\/yoast-seo-wordpress\/ -->\n<title>Torivac in Jenseits von Katalonien - Torivac<\/title>\n<meta name=\"description\" content=\"Torivac war auf der Beyond Catalonia vertreten. Wir haben neue Gesch\u00e4ftsm\u00f6glichkeiten mit lokalen und internationalen Unternehmen abgeschlossen.\" \/>\n<meta name=\"robots\" content=\"index, follow, max-snippet:-1, max-image-preview:large, max-video-preview:-1\" \/>\n<link rel=\"canonical\" href=\"https:\/\/grupotorivac.com\/de\/torivac-en-beyond-catalonia\/\" \/>\n<meta property=\"og:locale\" content=\"de_DE\" \/>\n<meta property=\"og:type\" content=\"article\" \/>\n<meta property=\"og:title\" content=\"Torivac in Jenseits von Katalonien - Torivac\" \/>\n<meta property=\"og:description\" content=\"Torivac war auf der Beyond Catalonia vertreten. Wir haben neue Gesch\u00e4ftsm\u00f6glichkeiten mit lokalen und internationalen Unternehmen abgeschlossen.\" \/>\n<meta property=\"og:url\" content=\"https:\/\/grupotorivac.com\/de\/torivac-en-beyond-catalonia\/\" \/>\n<meta property=\"og:site_name\" content=\"Torivac\" \/>\n<meta property=\"article:published_time\" content=\"2024-11-18T15:44:09+00:00\" \/>\n<meta property=\"article:modified_time\" content=\"2026-03-23T16:10:51+00:00\" \/>\n<meta property=\"og:image\" content=\"https:\/\/grupotorivac.com\/wp-content\/uploads\/2024\/11\/beyond-catalonia.jpg\" \/>\n\t<meta property=\"og:image:width\" content=\"1800\" \/>\n\t<meta property=\"og:image:height\" content=\"1200\" \/>\n\t<meta property=\"og:image:type\" content=\"image\/jpeg\" \/>\n<meta name=\"author\" content=\"Franco Santiso\" \/>\n<meta name=\"twitter:card\" content=\"summary_large_image\" \/>\n<meta name=\"twitter:label1\" content=\"Verfasst von\" \/>\n\t<meta name=\"twitter:data1\" content=\"Franco Santiso\" \/>\n\t<meta name=\"twitter:label2\" content=\"Gesch\u00e4tzte Lesezeit\" \/>\n\t<meta name=\"twitter:data2\" content=\"5\u00a0Minuten\" \/>\n<script type=\"application\/ld+json\" class=\"yoast-schema-graph\">{\"@context\":\"https:\/\/schema.org\",\"@graph\":[{\"@type\":\"Article\",\"@id\":\"https:\/\/grupotorivac.com\/de\/torivac-en-beyond-catalonia\/#article\",\"isPartOf\":{\"@id\":\"https:\/\/grupotorivac.com\/de\/torivac-en-beyond-catalonia\/\"},\"author\":{\"name\":\"Franco Santiso\",\"@id\":\"https:\/\/grupotorivac.com\/#\/schema\/person\/66a7a9ac227ee4c0306e33ff34be3c24\"},\"headline\":\"Torivac in Jenseits von Katalonien\",\"datePublished\":\"2024-11-18T15:44:09+00:00\",\"dateModified\":\"2026-03-23T16:10:51+00:00\",\"mainEntityOfPage\":{\"@id\":\"https:\/\/grupotorivac.com\/de\/torivac-en-beyond-catalonia\/\"},\"wordCount\":963,\"publisher\":{\"@id\":\"https:\/\/grupotorivac.com\/#organization\"},\"image\":{\"@id\":\"https:\/\/grupotorivac.com\/de\/torivac-en-beyond-catalonia\/#primaryimage\"},\"thumbnailUrl\":\"https:\/\/grupotorivac.com\/wp-content\/uploads\/2024\/11\/beyond-catalonia.jpg\",\"articleSection\":[\"Blog\"],\"inLanguage\":\"de\"},{\"@type\":\"WebPage\",\"@id\":\"https:\/\/grupotorivac.com\/de\/torivac-en-beyond-catalonia\/\",\"url\":\"https:\/\/grupotorivac.com\/de\/torivac-en-beyond-catalonia\/\",\"name\":\"Torivac in Jenseits von Katalonien - Torivac\",\"isPartOf\":{\"@id\":\"https:\/\/grupotorivac.com\/#website\"},\"primaryImageOfPage\":{\"@id\":\"https:\/\/grupotorivac.com\/de\/torivac-en-beyond-catalonia\/#primaryimage\"},\"image\":{\"@id\":\"https:\/\/grupotorivac.com\/de\/torivac-en-beyond-catalonia\/#primaryimage\"},\"thumbnailUrl\":\"https:\/\/grupotorivac.com\/wp-content\/uploads\/2024\/11\/beyond-catalonia.jpg\",\"datePublished\":\"2024-11-18T15:44:09+00:00\",\"dateModified\":\"2026-03-23T16:10:51+00:00\",\"description\":\"Torivac war auf der Beyond Catalonia vertreten. Wir haben neue Gesch\u00e4ftsm\u00f6glichkeiten mit lokalen und internationalen Unternehmen abgeschlossen.\",\"breadcrumb\":{\"@id\":\"https:\/\/grupotorivac.com\/de\/torivac-en-beyond-catalonia\/#breadcrumb\"},\"inLanguage\":\"de\",\"potentialAction\":[{\"@type\":\"ReadAction\",\"target\":[\"https:\/\/grupotorivac.com\/de\/torivac-en-beyond-catalonia\/\"]}]},{\"@type\":\"ImageObject\",\"inLanguage\":\"de\",\"@id\":\"https:\/\/grupotorivac.com\/de\/torivac-en-beyond-catalonia\/#primaryimage\",\"url\":\"https:\/\/grupotorivac.com\/wp-content\/uploads\/2024\/11\/beyond-catalonia.jpg\",\"contentUrl\":\"https:\/\/grupotorivac.com\/wp-content\/uploads\/2024\/11\/beyond-catalonia.jpg\",\"width\":1800,\"height\":1200,\"caption\":\"Torivac in Katalonien, konkretisieren wir vom World Trade Center in Barcelona aus Allianzen und Expansionsstrategien auf internationalen M\u00e4rkten.\"},{\"@type\":\"BreadcrumbList\",\"@id\":\"https:\/\/grupotorivac.com\/de\/torivac-en-beyond-catalonia\/#breadcrumb\",\"itemListElement\":[{\"@type\":\"ListItem\",\"position\":1,\"name\":\"Portada\",\"item\":\"https:\/\/grupotorivac.com\/de\/\"},{\"@type\":\"ListItem\",\"position\":2,\"name\":\"Torivac in Jenseits von Katalonien\"}]},{\"@type\":\"WebSite\",\"@id\":\"https:\/\/grupotorivac.com\/#website\",\"url\":\"https:\/\/grupotorivac.com\/\",\"name\":\"Torivac\",\"description\":\"Especializados en dise\u00f1o y fabricaci\u00f3n de variados de tensi\u00f3n\",\"publisher\":{\"@id\":\"https:\/\/grupotorivac.com\/#organization\"},\"alternateName\":\"Torivac S.L\",\"potentialAction\":[{\"@type\":\"SearchAction\",\"target\":{\"@type\":\"EntryPoint\",\"urlTemplate\":\"https:\/\/grupotorivac.com\/?s={search_term_string}\"},\"query-input\":{\"@type\":\"PropertyValueSpecification\",\"valueRequired\":true,\"valueName\":\"search_term_string\"}}],\"inLanguage\":\"de\"},{\"@type\":\"Organization\",\"@id\":\"https:\/\/grupotorivac.com\/#organization\",\"name\":\"Torivac\",\"alternateName\":\"Torivac S.L\",\"url\":\"https:\/\/grupotorivac.com\/\",\"logo\":{\"@type\":\"ImageObject\",\"inLanguage\":\"de\",\"@id\":\"https:\/\/grupotorivac.com\/#\/schema\/logo\/image\/\",\"url\":\"https:\/\/grupotorivac.com\/wp-content\/uploads\/2025\/02\/Diseno-sin-titulo-73.png\",\"contentUrl\":\"https:\/\/grupotorivac.com\/wp-content\/uploads\/2025\/02\/Diseno-sin-titulo-73.png\",\"width\":250,\"height\":250,\"caption\":\"Torivac\"},\"image\":{\"@id\":\"https:\/\/grupotorivac.com\/#\/schema\/logo\/image\/\"}},{\"@type\":\"Person\",\"@id\":\"https:\/\/grupotorivac.com\/#\/schema\/person\/66a7a9ac227ee4c0306e33ff34be3c24\",\"name\":\"Franco Santiso\",\"image\":{\"@type\":\"ImageObject\",\"inLanguage\":\"de\",\"@id\":\"https:\/\/secure.gravatar.com\/avatar\/3e691e40ad87da5eb1e273b36578b364bae76a43c3de9c1754bae6b45966b3f4?s=96&d=mm&r=g\",\"url\":\"https:\/\/secure.gravatar.com\/avatar\/3e691e40ad87da5eb1e273b36578b364bae76a43c3de9c1754bae6b45966b3f4?s=96&d=mm&r=g\",\"contentUrl\":\"https:\/\/secure.gravatar.com\/avatar\/3e691e40ad87da5eb1e273b36578b364bae76a43c3de9c1754bae6b45966b3f4?s=96&d=mm&r=g\",\"caption\":\"Franco Santiso\"},\"url\":\"https:\/\/grupotorivac.com\/de\/author\/francoadm\/\"}]}<\/script>\n<!-- \/ Yoast SEO plugin. -->","yoast_head_json":{"title":"Torivac in Jenseits von Katalonien - Torivac","description":"Torivac war auf der Beyond Catalonia vertreten. Wir haben neue Gesch\u00e4ftsm\u00f6glichkeiten mit lokalen und internationalen Unternehmen abgeschlossen.","robots":{"index":"index","follow":"follow","max-snippet":"max-snippet:-1","max-image-preview":"max-image-preview:large","max-video-preview":"max-video-preview:-1"},"canonical":"https:\/\/grupotorivac.com\/de\/torivac-en-beyond-catalonia\/","og_locale":"de_DE","og_type":"article","og_title":"Torivac in Jenseits von Katalonien - Torivac","og_description":"Torivac war auf der Beyond Catalonia vertreten. Wir haben neue Gesch\u00e4ftsm\u00f6glichkeiten mit lokalen und internationalen Unternehmen abgeschlossen.","og_url":"https:\/\/grupotorivac.com\/de\/torivac-en-beyond-catalonia\/","og_site_name":"Torivac","article_published_time":"2024-11-18T15:44:09+00:00","article_modified_time":"2026-03-23T16:10:51+00:00","og_image":[{"width":1800,"height":1200,"url":"https:\/\/grupotorivac.com\/wp-content\/uploads\/2024\/11\/beyond-catalonia.jpg","type":"image\/jpeg"}],"author":"Franco Santiso","twitter_card":"summary_large_image","twitter_misc":{"Verfasst von":"Franco Santiso","Gesch\u00e4tzte Lesezeit":"5\u00a0Minuten"},"schema":{"@context":"https:\/\/schema.org","@graph":[{"@type":"Article","@id":"https:\/\/grupotorivac.com\/de\/torivac-en-beyond-catalonia\/#article","isPartOf":{"@id":"https:\/\/grupotorivac.com\/de\/torivac-en-beyond-catalonia\/"},"author":{"name":"Franco Santiso","@id":"https:\/\/grupotorivac.com\/#\/schema\/person\/66a7a9ac227ee4c0306e33ff34be3c24"},"headline":"Torivac in Jenseits von Katalonien","datePublished":"2024-11-18T15:44:09+00:00","dateModified":"2026-03-23T16:10:51+00:00","mainEntityOfPage":{"@id":"https:\/\/grupotorivac.com\/de\/torivac-en-beyond-catalonia\/"},"wordCount":963,"publisher":{"@id":"https:\/\/grupotorivac.com\/#organization"},"image":{"@id":"https:\/\/grupotorivac.com\/de\/torivac-en-beyond-catalonia\/#primaryimage"},"thumbnailUrl":"https:\/\/grupotorivac.com\/wp-content\/uploads\/2024\/11\/beyond-catalonia.jpg","articleSection":["Blog"],"inLanguage":"de"},{"@type":"WebPage","@id":"https:\/\/grupotorivac.com\/de\/torivac-en-beyond-catalonia\/","url":"https:\/\/grupotorivac.com\/de\/torivac-en-beyond-catalonia\/","name":"Torivac in Jenseits von Katalonien - Torivac","isPartOf":{"@id":"https:\/\/grupotorivac.com\/#website"},"primaryImageOfPage":{"@id":"https:\/\/grupotorivac.com\/de\/torivac-en-beyond-catalonia\/#primaryimage"},"image":{"@id":"https:\/\/grupotorivac.com\/de\/torivac-en-beyond-catalonia\/#primaryimage"},"thumbnailUrl":"https:\/\/grupotorivac.com\/wp-content\/uploads\/2024\/11\/beyond-catalonia.jpg","datePublished":"2024-11-18T15:44:09+00:00","dateModified":"2026-03-23T16:10:51+00:00","description":"Torivac war auf der Beyond Catalonia vertreten. Wir haben neue Gesch\u00e4ftsm\u00f6glichkeiten mit lokalen und internationalen Unternehmen abgeschlossen.","breadcrumb":{"@id":"https:\/\/grupotorivac.com\/de\/torivac-en-beyond-catalonia\/#breadcrumb"},"inLanguage":"de","potentialAction":[{"@type":"ReadAction","target":["https:\/\/grupotorivac.com\/de\/torivac-en-beyond-catalonia\/"]}]},{"@type":"ImageObject","inLanguage":"de","@id":"https:\/\/grupotorivac.com\/de\/torivac-en-beyond-catalonia\/#primaryimage","url":"https:\/\/grupotorivac.com\/wp-content\/uploads\/2024\/11\/beyond-catalonia.jpg","contentUrl":"https:\/\/grupotorivac.com\/wp-content\/uploads\/2024\/11\/beyond-catalonia.jpg","width":1800,"height":1200,"caption":"Torivac in Katalonien, konkretisieren wir vom World Trade Center in Barcelona aus Allianzen und Expansionsstrategien auf internationalen M\u00e4rkten."},{"@type":"BreadcrumbList","@id":"https:\/\/grupotorivac.com\/de\/torivac-en-beyond-catalonia\/#breadcrumb","itemListElement":[{"@type":"ListItem","position":1,"name":"Portada","item":"https:\/\/grupotorivac.com\/de\/"},{"@type":"ListItem","position":2,"name":"Torivac in Jenseits von Katalonien"}]},{"@type":"WebSite","@id":"https:\/\/grupotorivac.com\/#website","url":"https:\/\/grupotorivac.com\/","name":"Torivac","description":"Especializados en dise\u00f1o y fabricaci\u00f3n de variados de tensi\u00f3n","publisher":{"@id":"https:\/\/grupotorivac.com\/#organization"},"alternateName":"Torivac S.L","potentialAction":[{"@type":"SearchAction","target":{"@type":"EntryPoint","urlTemplate":"https:\/\/grupotorivac.com\/?s={search_term_string}"},"query-input":{"@type":"PropertyValueSpecification","valueRequired":true,"valueName":"search_term_string"}}],"inLanguage":"de"},{"@type":"Organization","@id":"https:\/\/grupotorivac.com\/#organization","name":"Torivac","alternateName":"Torivac S.L","url":"https:\/\/grupotorivac.com\/","logo":{"@type":"ImageObject","inLanguage":"de","@id":"https:\/\/grupotorivac.com\/#\/schema\/logo\/image\/","url":"https:\/\/grupotorivac.com\/wp-content\/uploads\/2025\/02\/Diseno-sin-titulo-73.png","contentUrl":"https:\/\/grupotorivac.com\/wp-content\/uploads\/2025\/02\/Diseno-sin-titulo-73.png","width":250,"height":250,"caption":"Torivac"},"image":{"@id":"https:\/\/grupotorivac.com\/#\/schema\/logo\/image\/"}},{"@type":"Person","@id":"https:\/\/grupotorivac.com\/#\/schema\/person\/66a7a9ac227ee4c0306e33ff34be3c24","name":"Franco Santiso","image":{"@type":"ImageObject","inLanguage":"de","@id":"https:\/\/secure.gravatar.com\/avatar\/3e691e40ad87da5eb1e273b36578b364bae76a43c3de9c1754bae6b45966b3f4?s=96&d=mm&r=g","url":"https:\/\/secure.gravatar.com\/avatar\/3e691e40ad87da5eb1e273b36578b364bae76a43c3de9c1754bae6b45966b3f4?s=96&d=mm&r=g","contentUrl":"https:\/\/secure.gravatar.com\/avatar\/3e691e40ad87da5eb1e273b36578b364bae76a43c3de9c1754bae6b45966b3f4?s=96&d=mm&r=g","caption":"Franco Santiso"},"url":"https:\/\/grupotorivac.com\/de\/author\/francoadm\/"}]}},"_links":{"self":[{"href":"https:\/\/grupotorivac.com\/de\/wp-json\/wp\/v2\/posts\/16032","targetHints":{"allow":["GET"]}}],"collection":[{"href":"https:\/\/grupotorivac.com\/de\/wp-json\/wp\/v2\/posts"}],"about":[{"href":"https:\/\/grupotorivac.com\/de\/wp-json\/wp\/v2\/types\/post"}],"author":[{"embeddable":true,"href":"https:\/\/grupotorivac.com\/de\/wp-json\/wp\/v2\/users\/3"}],"replies":[{"embeddable":true,"href":"https:\/\/grupotorivac.com\/de\/wp-json\/wp\/v2\/comments?post=16032"}],"version-history":[{"count":2,"href":"https:\/\/grupotorivac.com\/de\/wp-json\/wp\/v2\/posts\/16032\/revisions"}],"predecessor-version":[{"id":16069,"href":"https:\/\/grupotorivac.com\/de\/wp-json\/wp\/v2\/posts\/16032\/revisions\/16069"}],"wp:featuredmedia":[{"embeddable":true,"href":"https:\/\/grupotorivac.com\/de\/wp-json\/wp\/v2\/media\/10101"}],"wp:attachment":[{"href":"https:\/\/grupotorivac.com\/de\/wp-json\/wp\/v2\/media?parent=16032"}],"wp:term":[{"taxonomy":"category","embeddable":true,"href":"https:\/\/grupotorivac.com\/de\/wp-json\/wp\/v2\/categories?post=16032"},{"taxonomy":"post_tag","embeddable":true,"href":"https:\/\/grupotorivac.com\/de\/wp-json\/wp\/v2\/tags?post=16032"}],"curies":[{"name":"wp","href":"https:\/\/api.w.org\/{rel}","templated":true}]}}