{"id":16002,"date":"2025-06-03T15:27:02","date_gmt":"2025-06-03T15:27:02","guid":{"rendered":"https:\/\/grupotorivac.com\/torivac-consolida-su-liderazgo-en-el-sector-electrico-tras-su-participacion-en-coiltech-deutschland-2025\/"},"modified":"2026-03-23T16:08:52","modified_gmt":"2026-03-23T16:08:52","slug":"torivac-consolida-su-liderazgo-en-el-sector-electrico-tras-su-participacion-en-coiltech-deutschland-2025","status":"publish","type":"post","link":"https:\/\/grupotorivac.com\/de\/torivac-consolida-su-liderazgo-en-el-sector-electrico-tras-su-participacion-en-coiltech-deutschland-2025\/","title":{"rendered":"Torivac festigt seine F\u00fchrungsposition im Stromsektor nach der Teilnahme an der coiltech deutschland 2025"},"content":{"rendered":"\t\t<div data-elementor-type=\"wp-post\" data-elementor-id=\"16002\" class=\"elementor elementor-16002 elementor-11320\" data-elementor-post-type=\"post\">\n\t\t\t\t<div class=\"elementor-element elementor-element-7f26bdf5 e-flex e-con-boxed e-con e-parent\" data-id=\"7f26bdf5\" data-element_type=\"container\" data-e-type=\"container\">\n\t\t\t\t\t<div class=\"e-con-inner\">\n\t\t<div class=\"elementor-element elementor-element-a917789 e-con-full e-flex e-con e-child\" data-id=\"a917789\" data-element_type=\"container\" data-e-type=\"container\">\n\t\t\t\t<div class=\"elementor-element elementor-element-eb67895 elementor-hidden-desktop elementor-hidden-tablet elementor-hidden-mobile elementor-widget elementor-widget-html\" data-id=\"eb67895\" data-element_type=\"widget\" data-e-type=\"widget\" data-widget_type=\"html.default\">\n\t\t\t\t<div class=\"elementor-widget-container\">\n\t\t\t\t\t<style>\/* Contenedor de la imagen *\/\n#header_image .elementor-widget-container {\n  width: 100%;\n  aspect-ratio: 16 \/ 4;\n  overflow: hidden;\n}\n\n\/* Imagen *\/\n#header_image .elementor-widget-container img {\n  width: 100%;\n  height: 100%;\n  object-fit: cover;\n  display: block;\n}\n \n.elementor-shortcode h2 {\n    font-family: \"Advent Pro\", Sans-serif;\n    font-size: 42px;\n    color: #ba6b1e;\n}\n<\/style>\t\t\t\t<\/div>\n\t\t\t\t<\/div>\n\t\t<div class=\"elementor-element elementor-element-3ec9283 e-con-full e-flex e-con e-child\" data-id=\"3ec9283\" data-element_type=\"container\" data-e-type=\"container\" id=\"header_image\">\n\t\t\t\t<div class=\"elementor-element elementor-element-9e98de3 elementor-widget elementor-widget-image\" data-id=\"9e98de3\" data-element_type=\"widget\" data-e-type=\"widget\" data-widget_type=\"image.default\">\n\t\t\t\t<div class=\"elementor-widget-container\">\n\t\t\t\t\t\t\t\t\t\t\t\t\t\t\t<img fetchpriority=\"high\" decoding=\"async\" width=\"2000\" height=\"528\" src=\"https:\/\/grupotorivac.com\/wp-content\/uploads\/2025\/06\/upscalemedia-transformed.jpeg\" class=\"attachment-2048x2048 size-2048x2048 wp-image-11359\" alt=\"\" srcset=\"https:\/\/grupotorivac.com\/wp-content\/uploads\/2025\/06\/upscalemedia-transformed.jpeg 2000w, https:\/\/grupotorivac.com\/wp-content\/uploads\/2025\/06\/upscalemedia-transformed-300x79.jpeg 300w, https:\/\/grupotorivac.com\/wp-content\/uploads\/2025\/06\/upscalemedia-transformed-1024x270.jpeg 1024w, https:\/\/grupotorivac.com\/wp-content\/uploads\/2025\/06\/upscalemedia-transformed-768x203.jpeg 768w, https:\/\/grupotorivac.com\/wp-content\/uploads\/2025\/06\/upscalemedia-transformed-1536x406.jpeg 1536w, https:\/\/grupotorivac.com\/wp-content\/uploads\/2025\/06\/upscalemedia-transformed-260x69.jpeg 260w, https:\/\/grupotorivac.com\/wp-content\/uploads\/2025\/06\/upscalemedia-transformed-50x13.jpeg 50w, https:\/\/grupotorivac.com\/wp-content\/uploads\/2025\/06\/upscalemedia-transformed-150x40.jpeg 150w, https:\/\/grupotorivac.com\/wp-content\/uploads\/2025\/06\/upscalemedia-transformed-600x158.jpeg 600w\" sizes=\"(max-width: 2000px) 100vw, 2000px\" \/>\t\t\t\t\t\t\t\t\t\t\t\t\t\t\t<\/div>\n\t\t\t\t<\/div>\n\t\t\t\t<\/div>\n\t\t\t\t<div class=\"elementor-element elementor-element-7b0a703 elementor-widget elementor-widget-shortcode\" data-id=\"7b0a703\" data-element_type=\"widget\" data-e-type=\"widget\" data-widget_type=\"shortcode.default\">\n\t\t\t\t<div class=\"elementor-widget-container\">\n\t\t\t\t\t\t\t<div class=\"elementor-shortcode\"><h2>Torivac festigt seine F\u00fchrungsposition im Stromsektor nach der Teilnahme an der coiltech deutschland 2025<\/h2>\n<\/div>\n\t\t\t\t\t\t<\/div>\n\t\t\t\t<\/div>\n\t\t\t\t<\/div>\n\t\t<div class=\"elementor-element elementor-element-33b14c5 e-con-full e-flex e-con e-child\" data-id=\"33b14c5\" data-element_type=\"container\" data-e-type=\"container\">\n\t\t\t\t<div class=\"elementor-element elementor-element-692b32e elementor-widget elementor-widget-text-editor\" data-id=\"692b32e\" data-element_type=\"widget\" data-e-type=\"widget\" data-widget_type=\"text-editor.default\">\n\t\t\t\t<div class=\"elementor-widget-container\">\n\t\t\t\t\t\t\t\t\t<p>Im M\u00e4rz 2025 nahm Torivac an der &#8220;Coiltech deutschland&#8221; teil, einer der wichtigsten Messen f\u00fcr die Bereiche Elektromotoren, Transformatoren und Wicklungstechnik. Die Veranstaltung, die auf dem Messegel\u00e4nde in Augsburg stattfand, brachte Fachleute und Unternehmen aus der ganzen Welt in einem Umfeld zusammen, das f\u00fcr den Austausch von Ideen, technologische Innovationen und die Entwicklung neuer gemeinsamer Projekte konzipiert wurde. <\/p><h3><strong>torivac Innovation und Technologie auf der coiltech deutschland 2025<\/strong><\/h3><p>Die Coiltech Deutschland hat sich als wichtiger Treffpunkt f\u00fcr die Branche positioniert und kombiniert ein agiles, effizientes und stark marktorientiertes Format. Diese Philosophie passt nat\u00fcrlich zu den Werten von Torivac, das sich f\u00fcr angewandte und zug\u00e4ngliche Innovationen f\u00fcr seine Kunden einsetzt. Die Erfahrung der Teilnahme an dieser Messe f\u00fchrte nicht nur zu Gesch\u00e4ftskontakten, sondern auch zu wertvollen Diskussionen \u00fcber die Trends, die die Zukunft der Elektromechanik pr\u00e4gen.  <\/p><p>Die Veranstaltung bot auch die Gelegenheit, an der World Magnetic Conference teilzunehmen, einer Reihe von technischen Konferenzen, auf denen Akademiker, Forscher und Industrieexperten die neuesten Fortschritte in der Materialforschung, bei den Fertigungsverfahren und der Energieoptimierung austauschten. F\u00fcr Torivac sind diese Lernr\u00e4ume eine st\u00e4ndige Quelle der Inspiration und eine Gelegenheit, seine L\u00f6sungen auf der Grundlage der anspruchsvollsten technologischen Anforderungen weiter zu verbessern. <\/p><p>Die Atmosph\u00e4re auf der Coiltech deutschland 2025 war von Zusammenarbeit und Offenheit gepr\u00e4gt. Start-up-Unternehmen, etablierte Hersteller und Forschungszentren kamen unter einem Dach zusammen, was die Schaffung von strategischen Synergien beg\u00fcnstigte. Torivac nutzte diesen Rahmen, um neue Gesch\u00e4ftsm\u00f6glichkeiten in M\u00e4rkten wie Deutschland, Italien und Frankreich zu erkunden, wo die Nachfrage nach hochwertigen technischen L\u00f6sungen weiter steigt.  <\/p><p>Die Stadt Augsburg bot, neben ihrer erstklassigen Lage in S\u00fcddeutschland, den idealen Rahmen f\u00fcr eine Messe dieser Gr\u00f6\u00dfenordnung. Ihre hervorragende Anbindung und die Infrastruktur des Messegel\u00e4ndes erm\u00f6glichten eine effiziente Logistik f\u00fcr Aussteller und Besucher gleicherma\u00dfen. Dieses Detail, das vielleicht unbedeutend erscheinen mag, macht einen gro\u00dfen Unterschied f\u00fcr die Gesamterfahrung derjenigen, die sich auf diese Veranstaltungen verlassen, um ihre Gesch\u00e4ftsstrategien zu verbessern.  <\/p><p>W\u00e4hrend der Messe wurde der Stand von Torivac zu einem Bezugspunkt f\u00fcr all diejenigen, die auf der Suche nach Innovation, Zuverl\u00e4ssigkeit und Engagement f\u00fcr Qualit\u00e4t sind. Gespr\u00e4che mit Ingenieuren, Einkaufsleitern und technischen Leitern erm\u00f6glichten es dem Unternehmen, neue Chancen zu erkennen und sein Leistungsangebot weiter an die spezifischen Bed\u00fcrfnisse der einzelnen Kunden anzupassen. <\/p><p>\u00dcber die Gesch\u00e4ftskontakte hinaus diente die Coiltech Deutschland dazu, die Positionierung von Torivac als ein Unternehmen zu best\u00e4tigen, das in der Lage ist, Markttrends zu antizipieren und mit ma\u00dfgeschneiderten L\u00f6sungen zu reagieren, die Spitzentechnologie, Energieeffizienz und einen nachhaltigen Ansatz in all seinen Prozessen kombinieren.<\/p><p>Die Teilnahme an solchen internationalen Veranstaltungen ist ein wesentlicher Bestandteil der Wachstumsstrategie des Unternehmens. Es geht nicht nur um den Verkauf von Produkten, sondern um den Aufbau langfristiger Beziehungen, die auf Vertrauen, st\u00e4ndiger Innovation und einem tiefen Verst\u00e4ndnis der Herausforderungen der Branche beruhen. <\/p><p>Die Coiltech deutschland 2025 war zweifelsohne eine unschlagbare Gelegenheit, diese Werte zu bekr\u00e4ftigen und zu zeigen, dass torivac bereit ist, weiter zu wachsen und seinen Kunden die besten L\u00f6sungen f\u00fcr elektrische Komponenten anzubieten, die an die Bed\u00fcrfnisse eines sich st\u00e4ndig weiterentwickelnden globalen Marktes angepasst sind.<\/p><p>Mit jeder Messe, jedem Treffen und jeder neuen Partnerschaft bekr\u00e4ftigt torivac sein Engagement, die Zukunft der elektromechanischen Industrie anzuf\u00fchren und sein Know-how und seine Innovationen \u00fcberall dort einzubringen, wo Technologie und Energie einen Unterschied machen.<\/p>\t\t\t\t\t\t\t\t<\/div>\n\t\t\t\t<\/div>\n\t\t\t\t<\/div>\n\t\t\t\t\t<\/div>\n\t\t\t\t<\/div>\n\t\t\t\t<\/div>\n\t\t","protected":false},"excerpt":{"rendered":"<p>Im M\u00e4rz 2025 nahm Torivac an der &#8220;Coiltech deutschland&#8221; teil, einer der wichtigsten Messen f\u00fcr die Bereiche Elektromotoren, Transformatoren und Wicklungstechnik. Die Veranstaltung, die auf dem<span class=\"excerpt-hellip\"> [\u2026]<\/span><\/p>\n","protected":false},"author":3,"featured_media":11352,"comment_status":"closed","ping_status":"closed","sticky":false,"template":"elementor_header_footer","format":"standard","meta":{"_acf_changed":false,"footnotes":""},"categories":[604],"tags":[],"class_list":["post-16002","post","type-post","status-publish","format-standard","has-post-thumbnail","hentry","category-blog"],"acf":[],"yoast_head":"<!-- This site is optimized with the Yoast SEO plugin v27.2 - https:\/\/yoast.com\/product\/yoast-seo-wordpress\/ -->\n<title>Torivac festigt strategische Allianzen in Europa w\u00e4hrend der coiltech deutschland 2025<\/title>\n<meta name=\"description\" content=\"Mit der Teilnahme an der Coiltech Deutschland 2025 treibt Torivac seine Internationalisierung voran, st\u00e4rkt Partnerschaften und pr\u00e4sentiert seine innovativen L\u00f6sungen.\" \/>\n<meta name=\"robots\" content=\"index, follow, max-snippet:-1, max-image-preview:large, max-video-preview:-1\" \/>\n<link rel=\"canonical\" href=\"https:\/\/grupotorivac.com\/de\/torivac-consolida-su-liderazgo-en-el-sector-electrico-tras-su-participacion-en-coiltech-deutschland-2025\/\" \/>\n<meta property=\"og:locale\" content=\"de_DE\" \/>\n<meta property=\"og:type\" content=\"article\" \/>\n<meta property=\"og:title\" content=\"Torivac festigt strategische Allianzen in Europa w\u00e4hrend der coiltech deutschland 2025\" \/>\n<meta property=\"og:description\" content=\"Mit der Teilnahme an der Coiltech Deutschland 2025 treibt Torivac seine Internationalisierung voran, st\u00e4rkt Partnerschaften und pr\u00e4sentiert seine innovativen L\u00f6sungen.\" \/>\n<meta property=\"og:url\" content=\"https:\/\/grupotorivac.com\/de\/torivac-consolida-su-liderazgo-en-el-sector-electrico-tras-su-participacion-en-coiltech-deutschland-2025\/\" \/>\n<meta property=\"og:site_name\" content=\"Torivac\" \/>\n<meta property=\"article:published_time\" content=\"2025-06-03T15:27:02+00:00\" \/>\n<meta property=\"article:modified_time\" content=\"2026-03-23T16:08:52+00:00\" \/>\n<meta property=\"og:image\" content=\"https:\/\/grupotorivac.com\/wp-content\/uploads\/2025\/06\/logo_coiltech_800-2.png\" \/>\n\t<meta property=\"og:image:width\" content=\"400\" \/>\n\t<meta property=\"og:image:height\" content=\"300\" \/>\n\t<meta property=\"og:image:type\" content=\"image\/png\" \/>\n<meta name=\"author\" content=\"Franco Santiso\" \/>\n<meta name=\"twitter:card\" content=\"summary_large_image\" \/>\n<meta name=\"twitter:label1\" content=\"Verfasst von\" \/>\n\t<meta name=\"twitter:data1\" content=\"Franco Santiso\" \/>\n\t<meta name=\"twitter:label2\" content=\"Gesch\u00e4tzte Lesezeit\" \/>\n\t<meta name=\"twitter:data2\" content=\"3\u00a0Minuten\" \/>\n<script type=\"application\/ld+json\" class=\"yoast-schema-graph\">{\"@context\":\"https:\/\/schema.org\",\"@graph\":[{\"@type\":\"Article\",\"@id\":\"https:\/\/grupotorivac.com\/de\/torivac-consolida-su-liderazgo-en-el-sector-electrico-tras-su-participacion-en-coiltech-deutschland-2025\/#article\",\"isPartOf\":{\"@id\":\"https:\/\/grupotorivac.com\/de\/torivac-consolida-su-liderazgo-en-el-sector-electrico-tras-su-participacion-en-coiltech-deutschland-2025\/\"},\"author\":{\"name\":\"Franco Santiso\",\"@id\":\"https:\/\/grupotorivac.com\/#\/schema\/person\/66a7a9ac227ee4c0306e33ff34be3c24\"},\"headline\":\"Torivac festigt seine F\u00fchrungsposition im Stromsektor nach der Teilnahme an der coiltech deutschland 2025\",\"datePublished\":\"2025-06-03T15:27:02+00:00\",\"dateModified\":\"2026-03-23T16:08:52+00:00\",\"mainEntityOfPage\":{\"@id\":\"https:\/\/grupotorivac.com\/de\/torivac-consolida-su-liderazgo-en-el-sector-electrico-tras-su-participacion-en-coiltech-deutschland-2025\/\"},\"wordCount\":597,\"publisher\":{\"@id\":\"https:\/\/grupotorivac.com\/#organization\"},\"image\":{\"@id\":\"https:\/\/grupotorivac.com\/de\/torivac-consolida-su-liderazgo-en-el-sector-electrico-tras-su-participacion-en-coiltech-deutschland-2025\/#primaryimage\"},\"thumbnailUrl\":\"https:\/\/grupotorivac.com\/wp-content\/uploads\/2025\/06\/logo_coiltech_800-2.png\",\"articleSection\":[\"Blog\"],\"inLanguage\":\"de\"},{\"@type\":\"WebPage\",\"@id\":\"https:\/\/grupotorivac.com\/de\/torivac-consolida-su-liderazgo-en-el-sector-electrico-tras-su-participacion-en-coiltech-deutschland-2025\/\",\"url\":\"https:\/\/grupotorivac.com\/de\/torivac-consolida-su-liderazgo-en-el-sector-electrico-tras-su-participacion-en-coiltech-deutschland-2025\/\",\"name\":\"Torivac festigt strategische Allianzen in Europa w\u00e4hrend der coiltech deutschland 2025\",\"isPartOf\":{\"@id\":\"https:\/\/grupotorivac.com\/#website\"},\"primaryImageOfPage\":{\"@id\":\"https:\/\/grupotorivac.com\/de\/torivac-consolida-su-liderazgo-en-el-sector-electrico-tras-su-participacion-en-coiltech-deutschland-2025\/#primaryimage\"},\"image\":{\"@id\":\"https:\/\/grupotorivac.com\/de\/torivac-consolida-su-liderazgo-en-el-sector-electrico-tras-su-participacion-en-coiltech-deutschland-2025\/#primaryimage\"},\"thumbnailUrl\":\"https:\/\/grupotorivac.com\/wp-content\/uploads\/2025\/06\/logo_coiltech_800-2.png\",\"datePublished\":\"2025-06-03T15:27:02+00:00\",\"dateModified\":\"2026-03-23T16:08:52+00:00\",\"description\":\"Mit der Teilnahme an der Coiltech Deutschland 2025 treibt Torivac seine Internationalisierung voran, st\u00e4rkt Partnerschaften und pr\u00e4sentiert seine innovativen L\u00f6sungen.\",\"breadcrumb\":{\"@id\":\"https:\/\/grupotorivac.com\/de\/torivac-consolida-su-liderazgo-en-el-sector-electrico-tras-su-participacion-en-coiltech-deutschland-2025\/#breadcrumb\"},\"inLanguage\":\"de\",\"potentialAction\":[{\"@type\":\"ReadAction\",\"target\":[\"https:\/\/grupotorivac.com\/de\/torivac-consolida-su-liderazgo-en-el-sector-electrico-tras-su-participacion-en-coiltech-deutschland-2025\/\"]}]},{\"@type\":\"ImageObject\",\"inLanguage\":\"de\",\"@id\":\"https:\/\/grupotorivac.com\/de\/torivac-consolida-su-liderazgo-en-el-sector-electrico-tras-su-participacion-en-coiltech-deutschland-2025\/#primaryimage\",\"url\":\"https:\/\/grupotorivac.com\/wp-content\/uploads\/2025\/06\/logo_coiltech_800-2.png\",\"contentUrl\":\"https:\/\/grupotorivac.com\/wp-content\/uploads\/2025\/06\/logo_coiltech_800-2.png\",\"width\":400,\"height\":300},{\"@type\":\"BreadcrumbList\",\"@id\":\"https:\/\/grupotorivac.com\/de\/torivac-consolida-su-liderazgo-en-el-sector-electrico-tras-su-participacion-en-coiltech-deutschland-2025\/#breadcrumb\",\"itemListElement\":[{\"@type\":\"ListItem\",\"position\":1,\"name\":\"Portada\",\"item\":\"https:\/\/grupotorivac.com\/de\/\"},{\"@type\":\"ListItem\",\"position\":2,\"name\":\"Torivac festigt seine F\u00fchrungsposition im Stromsektor nach der Teilnahme an der coiltech deutschland 2025\"}]},{\"@type\":\"WebSite\",\"@id\":\"https:\/\/grupotorivac.com\/#website\",\"url\":\"https:\/\/grupotorivac.com\/\",\"name\":\"Torivac\",\"description\":\"Especializados en dise\u00f1o y fabricaci\u00f3n de variados de tensi\u00f3n\",\"publisher\":{\"@id\":\"https:\/\/grupotorivac.com\/#organization\"},\"alternateName\":\"Torivac S.L\",\"potentialAction\":[{\"@type\":\"SearchAction\",\"target\":{\"@type\":\"EntryPoint\",\"urlTemplate\":\"https:\/\/grupotorivac.com\/?s={search_term_string}\"},\"query-input\":{\"@type\":\"PropertyValueSpecification\",\"valueRequired\":true,\"valueName\":\"search_term_string\"}}],\"inLanguage\":\"de\"},{\"@type\":\"Organization\",\"@id\":\"https:\/\/grupotorivac.com\/#organization\",\"name\":\"Torivac\",\"alternateName\":\"Torivac S.L\",\"url\":\"https:\/\/grupotorivac.com\/\",\"logo\":{\"@type\":\"ImageObject\",\"inLanguage\":\"de\",\"@id\":\"https:\/\/grupotorivac.com\/#\/schema\/logo\/image\/\",\"url\":\"https:\/\/grupotorivac.com\/wp-content\/uploads\/2025\/02\/Diseno-sin-titulo-73.png\",\"contentUrl\":\"https:\/\/grupotorivac.com\/wp-content\/uploads\/2025\/02\/Diseno-sin-titulo-73.png\",\"width\":250,\"height\":250,\"caption\":\"Torivac\"},\"image\":{\"@id\":\"https:\/\/grupotorivac.com\/#\/schema\/logo\/image\/\"}},{\"@type\":\"Person\",\"@id\":\"https:\/\/grupotorivac.com\/#\/schema\/person\/66a7a9ac227ee4c0306e33ff34be3c24\",\"name\":\"Franco Santiso\",\"image\":{\"@type\":\"ImageObject\",\"inLanguage\":\"de\",\"@id\":\"https:\/\/secure.gravatar.com\/avatar\/3e691e40ad87da5eb1e273b36578b364bae76a43c3de9c1754bae6b45966b3f4?s=96&d=mm&r=g\",\"url\":\"https:\/\/secure.gravatar.com\/avatar\/3e691e40ad87da5eb1e273b36578b364bae76a43c3de9c1754bae6b45966b3f4?s=96&d=mm&r=g\",\"contentUrl\":\"https:\/\/secure.gravatar.com\/avatar\/3e691e40ad87da5eb1e273b36578b364bae76a43c3de9c1754bae6b45966b3f4?s=96&d=mm&r=g\",\"caption\":\"Franco Santiso\"},\"url\":\"https:\/\/grupotorivac.com\/de\/author\/francoadm\/\"}]}<\/script>\n<!-- \/ Yoast SEO plugin. -->","yoast_head_json":{"title":"Torivac festigt strategische Allianzen in Europa w\u00e4hrend der coiltech deutschland 2025","description":"Mit der Teilnahme an der Coiltech Deutschland 2025 treibt Torivac seine Internationalisierung voran, st\u00e4rkt Partnerschaften und pr\u00e4sentiert seine innovativen L\u00f6sungen.","robots":{"index":"index","follow":"follow","max-snippet":"max-snippet:-1","max-image-preview":"max-image-preview:large","max-video-preview":"max-video-preview:-1"},"canonical":"https:\/\/grupotorivac.com\/de\/torivac-consolida-su-liderazgo-en-el-sector-electrico-tras-su-participacion-en-coiltech-deutschland-2025\/","og_locale":"de_DE","og_type":"article","og_title":"Torivac festigt strategische Allianzen in Europa w\u00e4hrend der coiltech deutschland 2025","og_description":"Mit der Teilnahme an der Coiltech Deutschland 2025 treibt Torivac seine Internationalisierung voran, st\u00e4rkt Partnerschaften und pr\u00e4sentiert seine innovativen L\u00f6sungen.","og_url":"https:\/\/grupotorivac.com\/de\/torivac-consolida-su-liderazgo-en-el-sector-electrico-tras-su-participacion-en-coiltech-deutschland-2025\/","og_site_name":"Torivac","article_published_time":"2025-06-03T15:27:02+00:00","article_modified_time":"2026-03-23T16:08:52+00:00","og_image":[{"width":400,"height":300,"url":"https:\/\/grupotorivac.com\/wp-content\/uploads\/2025\/06\/logo_coiltech_800-2.png","type":"image\/png"}],"author":"Franco Santiso","twitter_card":"summary_large_image","twitter_misc":{"Verfasst von":"Franco Santiso","Gesch\u00e4tzte Lesezeit":"3\u00a0Minuten"},"schema":{"@context":"https:\/\/schema.org","@graph":[{"@type":"Article","@id":"https:\/\/grupotorivac.com\/de\/torivac-consolida-su-liderazgo-en-el-sector-electrico-tras-su-participacion-en-coiltech-deutschland-2025\/#article","isPartOf":{"@id":"https:\/\/grupotorivac.com\/de\/torivac-consolida-su-liderazgo-en-el-sector-electrico-tras-su-participacion-en-coiltech-deutschland-2025\/"},"author":{"name":"Franco Santiso","@id":"https:\/\/grupotorivac.com\/#\/schema\/person\/66a7a9ac227ee4c0306e33ff34be3c24"},"headline":"Torivac festigt seine F\u00fchrungsposition im Stromsektor nach der Teilnahme an der coiltech deutschland 2025","datePublished":"2025-06-03T15:27:02+00:00","dateModified":"2026-03-23T16:08:52+00:00","mainEntityOfPage":{"@id":"https:\/\/grupotorivac.com\/de\/torivac-consolida-su-liderazgo-en-el-sector-electrico-tras-su-participacion-en-coiltech-deutschland-2025\/"},"wordCount":597,"publisher":{"@id":"https:\/\/grupotorivac.com\/#organization"},"image":{"@id":"https:\/\/grupotorivac.com\/de\/torivac-consolida-su-liderazgo-en-el-sector-electrico-tras-su-participacion-en-coiltech-deutschland-2025\/#primaryimage"},"thumbnailUrl":"https:\/\/grupotorivac.com\/wp-content\/uploads\/2025\/06\/logo_coiltech_800-2.png","articleSection":["Blog"],"inLanguage":"de"},{"@type":"WebPage","@id":"https:\/\/grupotorivac.com\/de\/torivac-consolida-su-liderazgo-en-el-sector-electrico-tras-su-participacion-en-coiltech-deutschland-2025\/","url":"https:\/\/grupotorivac.com\/de\/torivac-consolida-su-liderazgo-en-el-sector-electrico-tras-su-participacion-en-coiltech-deutschland-2025\/","name":"Torivac festigt strategische Allianzen in Europa w\u00e4hrend der coiltech deutschland 2025","isPartOf":{"@id":"https:\/\/grupotorivac.com\/#website"},"primaryImageOfPage":{"@id":"https:\/\/grupotorivac.com\/de\/torivac-consolida-su-liderazgo-en-el-sector-electrico-tras-su-participacion-en-coiltech-deutschland-2025\/#primaryimage"},"image":{"@id":"https:\/\/grupotorivac.com\/de\/torivac-consolida-su-liderazgo-en-el-sector-electrico-tras-su-participacion-en-coiltech-deutschland-2025\/#primaryimage"},"thumbnailUrl":"https:\/\/grupotorivac.com\/wp-content\/uploads\/2025\/06\/logo_coiltech_800-2.png","datePublished":"2025-06-03T15:27:02+00:00","dateModified":"2026-03-23T16:08:52+00:00","description":"Mit der Teilnahme an der Coiltech Deutschland 2025 treibt Torivac seine Internationalisierung voran, st\u00e4rkt Partnerschaften und pr\u00e4sentiert seine innovativen L\u00f6sungen.","breadcrumb":{"@id":"https:\/\/grupotorivac.com\/de\/torivac-consolida-su-liderazgo-en-el-sector-electrico-tras-su-participacion-en-coiltech-deutschland-2025\/#breadcrumb"},"inLanguage":"de","potentialAction":[{"@type":"ReadAction","target":["https:\/\/grupotorivac.com\/de\/torivac-consolida-su-liderazgo-en-el-sector-electrico-tras-su-participacion-en-coiltech-deutschland-2025\/"]}]},{"@type":"ImageObject","inLanguage":"de","@id":"https:\/\/grupotorivac.com\/de\/torivac-consolida-su-liderazgo-en-el-sector-electrico-tras-su-participacion-en-coiltech-deutschland-2025\/#primaryimage","url":"https:\/\/grupotorivac.com\/wp-content\/uploads\/2025\/06\/logo_coiltech_800-2.png","contentUrl":"https:\/\/grupotorivac.com\/wp-content\/uploads\/2025\/06\/logo_coiltech_800-2.png","width":400,"height":300},{"@type":"BreadcrumbList","@id":"https:\/\/grupotorivac.com\/de\/torivac-consolida-su-liderazgo-en-el-sector-electrico-tras-su-participacion-en-coiltech-deutschland-2025\/#breadcrumb","itemListElement":[{"@type":"ListItem","position":1,"name":"Portada","item":"https:\/\/grupotorivac.com\/de\/"},{"@type":"ListItem","position":2,"name":"Torivac festigt seine F\u00fchrungsposition im Stromsektor nach der Teilnahme an der coiltech deutschland 2025"}]},{"@type":"WebSite","@id":"https:\/\/grupotorivac.com\/#website","url":"https:\/\/grupotorivac.com\/","name":"Torivac","description":"Especializados en dise\u00f1o y fabricaci\u00f3n de variados de tensi\u00f3n","publisher":{"@id":"https:\/\/grupotorivac.com\/#organization"},"alternateName":"Torivac S.L","potentialAction":[{"@type":"SearchAction","target":{"@type":"EntryPoint","urlTemplate":"https:\/\/grupotorivac.com\/?s={search_term_string}"},"query-input":{"@type":"PropertyValueSpecification","valueRequired":true,"valueName":"search_term_string"}}],"inLanguage":"de"},{"@type":"Organization","@id":"https:\/\/grupotorivac.com\/#organization","name":"Torivac","alternateName":"Torivac S.L","url":"https:\/\/grupotorivac.com\/","logo":{"@type":"ImageObject","inLanguage":"de","@id":"https:\/\/grupotorivac.com\/#\/schema\/logo\/image\/","url":"https:\/\/grupotorivac.com\/wp-content\/uploads\/2025\/02\/Diseno-sin-titulo-73.png","contentUrl":"https:\/\/grupotorivac.com\/wp-content\/uploads\/2025\/02\/Diseno-sin-titulo-73.png","width":250,"height":250,"caption":"Torivac"},"image":{"@id":"https:\/\/grupotorivac.com\/#\/schema\/logo\/image\/"}},{"@type":"Person","@id":"https:\/\/grupotorivac.com\/#\/schema\/person\/66a7a9ac227ee4c0306e33ff34be3c24","name":"Franco Santiso","image":{"@type":"ImageObject","inLanguage":"de","@id":"https:\/\/secure.gravatar.com\/avatar\/3e691e40ad87da5eb1e273b36578b364bae76a43c3de9c1754bae6b45966b3f4?s=96&d=mm&r=g","url":"https:\/\/secure.gravatar.com\/avatar\/3e691e40ad87da5eb1e273b36578b364bae76a43c3de9c1754bae6b45966b3f4?s=96&d=mm&r=g","contentUrl":"https:\/\/secure.gravatar.com\/avatar\/3e691e40ad87da5eb1e273b36578b364bae76a43c3de9c1754bae6b45966b3f4?s=96&d=mm&r=g","caption":"Franco Santiso"},"url":"https:\/\/grupotorivac.com\/de\/author\/francoadm\/"}]}},"_links":{"self":[{"href":"https:\/\/grupotorivac.com\/de\/wp-json\/wp\/v2\/posts\/16002","targetHints":{"allow":["GET"]}}],"collection":[{"href":"https:\/\/grupotorivac.com\/de\/wp-json\/wp\/v2\/posts"}],"about":[{"href":"https:\/\/grupotorivac.com\/de\/wp-json\/wp\/v2\/types\/post"}],"author":[{"embeddable":true,"href":"https:\/\/grupotorivac.com\/de\/wp-json\/wp\/v2\/users\/3"}],"replies":[{"embeddable":true,"href":"https:\/\/grupotorivac.com\/de\/wp-json\/wp\/v2\/comments?post=16002"}],"version-history":[{"count":3,"href":"https:\/\/grupotorivac.com\/de\/wp-json\/wp\/v2\/posts\/16002\/revisions"}],"predecessor-version":[{"id":16255,"href":"https:\/\/grupotorivac.com\/de\/wp-json\/wp\/v2\/posts\/16002\/revisions\/16255"}],"wp:featuredmedia":[{"embeddable":true,"href":"https:\/\/grupotorivac.com\/de\/wp-json\/wp\/v2\/media\/11352"}],"wp:attachment":[{"href":"https:\/\/grupotorivac.com\/de\/wp-json\/wp\/v2\/media?parent=16002"}],"wp:term":[{"taxonomy":"category","embeddable":true,"href":"https:\/\/grupotorivac.com\/de\/wp-json\/wp\/v2\/categories?post=16002"},{"taxonomy":"post_tag","embeddable":true,"href":"https:\/\/grupotorivac.com\/de\/wp-json\/wp\/v2\/tags?post=16002"}],"curies":[{"name":"wp","href":"https:\/\/api.w.org\/{rel}","templated":true}]}}