{"id":15980,"date":"2024-11-22T11:33:00","date_gmt":"2024-11-22T11:33:00","guid":{"rendered":"https:\/\/grupotorivac.com\/torivac-en-matelec-2024-explorando-el-mercado-y-reforzando-conexiones-2\/"},"modified":"2026-03-23T16:10:54","modified_gmt":"2026-03-23T16:10:54","slug":"torivac-en-matelec-2024-explorando-el-mercado-y-reforzando-conexiones-2","status":"publish","type":"post","link":"https:\/\/grupotorivac.com\/de\/torivac-en-matelec-2024-explorando-el-mercado-y-reforzando-conexiones-2\/","title":{"rendered":"Torivac auf der Matelec 2024 &#8211; Den Markt erkunden und Verbindungen st\u00e4rken"},"content":{"rendered":"\t\t<div data-elementor-type=\"wp-post\" data-elementor-id=\"15980\" class=\"elementor elementor-15980 elementor-14925\" data-elementor-post-type=\"post\">\n\t\t\t\t<div class=\"elementor-element elementor-element-2ccd5d0 e-flex e-con-boxed e-con e-parent\" data-id=\"2ccd5d0\" data-element_type=\"container\" data-e-type=\"container\">\n\t\t\t\t\t<div class=\"e-con-inner\">\n\t\t<div class=\"elementor-element elementor-element-56dd236e e-con-full e-flex e-con e-child\" data-id=\"56dd236e\" data-element_type=\"container\" data-e-type=\"container\">\n\t\t\t\t<div class=\"elementor-element elementor-element-22a04b80 elementor-hidden-desktop elementor-hidden-tablet elementor-hidden-mobile elementor-widget elementor-widget-html\" data-id=\"22a04b80\" data-element_type=\"widget\" data-e-type=\"widget\" data-widget_type=\"html.default\">\n\t\t\t\t<div class=\"elementor-widget-container\">\n\t\t\t\t\t<style>\/* Contenedor de la imagen *\/\n#header_image .elementor-widget-container {\n  width: 100%;\n  aspect-ratio: 16 \/ 4;\n  overflow: hidden;\n}\n\n\/* Imagen *\/\n#header_image .elementor-widget-container img {\n  width: 100%;\n  height: 100%;\n  object-fit: cover;\n  display: block;\n}\n \n.elementor-shortcode h2 {\n    font-family: \"Advent Pro\", Sans-serif;\n    font-size: 42px;\n    color: #ba6b1e;\n}\n<\/style>\t\t\t\t<\/div>\n\t\t\t\t<\/div>\n\t\t<div class=\"elementor-element elementor-element-5db63b5a e-con-full e-flex e-con e-child\" data-id=\"5db63b5a\" data-element_type=\"container\" data-e-type=\"container\" id=\"header_image\">\n\t\t\t\t<div class=\"elementor-element elementor-element-1a236434 elementor-widget elementor-widget-image\" data-id=\"1a236434\" data-element_type=\"widget\" data-e-type=\"widget\" data-widget_type=\"image.default\">\n\t\t\t\t<div class=\"elementor-widget-container\">\n\t\t\t\t\t\t\t\t\t\t\t\t\t\t\t<img fetchpriority=\"high\" decoding=\"async\" width=\"2048\" height=\"1536\" src=\"https:\/\/grupotorivac.com\/wp-content\/uploads\/2024\/11\/1000067540.jpg\" class=\"attachment-2048x2048 size-2048x2048 wp-image-15982\" alt=\"\" srcset=\"https:\/\/grupotorivac.com\/wp-content\/uploads\/2024\/11\/1000067540.jpg 2048w, https:\/\/grupotorivac.com\/wp-content\/uploads\/2024\/11\/1000067540-300x225.jpg 300w, https:\/\/grupotorivac.com\/wp-content\/uploads\/2024\/11\/1000067540-1024x768.jpg 1024w, https:\/\/grupotorivac.com\/wp-content\/uploads\/2024\/11\/1000067540-768x576.jpg 768w, https:\/\/grupotorivac.com\/wp-content\/uploads\/2024\/11\/1000067540-1536x1152.jpg 1536w, https:\/\/grupotorivac.com\/wp-content\/uploads\/2024\/11\/1000067540-195x146.jpg 195w, https:\/\/grupotorivac.com\/wp-content\/uploads\/2024\/11\/1000067540-50x38.jpg 50w, https:\/\/grupotorivac.com\/wp-content\/uploads\/2024\/11\/1000067540-100x75.jpg 100w, https:\/\/grupotorivac.com\/wp-content\/uploads\/2024\/11\/1000067540-960x720.jpg 960w, https:\/\/grupotorivac.com\/wp-content\/uploads\/2024\/11\/1000067540-600x450.jpg 600w\" sizes=\"(max-width: 2048px) 100vw, 2048px\" \/>\t\t\t\t\t\t\t\t\t\t\t\t\t\t\t<\/div>\n\t\t\t\t<\/div>\n\t\t\t\t<\/div>\n\t\t\t\t<div class=\"elementor-element elementor-element-19557120 elementor-widget elementor-widget-shortcode\" data-id=\"19557120\" data-element_type=\"widget\" data-e-type=\"widget\" data-widget_type=\"shortcode.default\">\n\t\t\t\t<div class=\"elementor-widget-container\">\n\t\t\t\t\t\t\t<div class=\"elementor-shortcode\"><h2>Torivac auf der Matelec 2024 &#8211; Den Markt erkunden und Verbindungen st\u00e4rken<\/h2>\n<\/div>\n\t\t\t\t\t\t<\/div>\n\t\t\t\t<\/div>\n\t\t\t\t<\/div>\n\t\t<div class=\"elementor-element elementor-element-4bc99e2 e-con-full e-flex e-con e-child\" data-id=\"4bc99e2\" data-element_type=\"container\" data-e-type=\"container\">\n\t\t<div class=\"elementor-element elementor-element-a2ec6ec e-con-full e-flex e-con e-child\" data-id=\"a2ec6ec\" data-element_type=\"container\" data-e-type=\"container\">\n\t\t<div class=\"elementor-element elementor-element-576a469 e-con-full e-flex e-con e-child\" data-id=\"576a469\" data-element_type=\"container\" data-e-type=\"container\">\n\t\t\t\t<div class=\"elementor-element elementor-element-a90e6ed elementor-widget elementor-widget-text-editor\" data-id=\"a90e6ed\" data-element_type=\"widget\" data-e-type=\"widget\" data-widget_type=\"text-editor.default\">\n\t\t\t\t<div class=\"elementor-widget-container\">\n\t\t\t\t\t\t\t\t\t<h3><b>Unser j\u00e4hrlicher Besuch in Matelec<\/b><\/h3><p><span style=\"font-weight: 400;\">Wie bei jeder Ausgabe sind einige Mitglieder des Torivac-Teams nach Madrid gereist, um an der <a href=\"https:\/\/www.ifema.es\/matelec\/que-es\" target=\"_blank\" rel=\"noopener\"><strong>Matelec 2024<\/strong><\/a>. Diese Messe ist bereits eine Tradition in unserem Kalender, denn sie ist der wichtigste Treffpunkt f\u00fcr den Elektro- und Technologiesektor. Wir sehen hier nicht nur die neuesten Innovationen, sondern haben auch die Gelegenheit, uns mit Kunden, Lieferanten und Partnern auszutauschen und zu erfahren, wie sich der Markt derzeit entwickelt.  <\/span><\/p><p><span style=\"font-weight: 400;\">Dieses Jahr war die Erfahrung jedoch nicht so, wie wir es uns erhofft hatten. Obwohl wir einige interessante Produkte\/St\u00e4nde fanden, gab es auch einige organisatorische Probleme, die den reibungslosen Ablauf der Veranstaltung beeintr\u00e4chtigten. <\/span><\/p>\t\t\t\t\t\t\t\t<\/div>\n\t\t\t\t<\/div>\n\t\t\t\t<\/div>\n\t\t<div class=\"elementor-element elementor-element-42c7225 e-con-full e-flex e-con e-child\" data-id=\"42c7225\" data-element_type=\"container\" data-e-type=\"container\">\n\t\t\t\t<div class=\"elementor-element elementor-element-d3f7f12 elementor-widget elementor-widget-image\" data-id=\"d3f7f12\" data-element_type=\"widget\" data-e-type=\"widget\" data-widget_type=\"image.default\">\n\t\t\t\t<div class=\"elementor-widget-container\">\n\t\t\t\t\t\t\t\t\t\t\t\t\t\t\t<img decoding=\"async\" width=\"1630\" height=\"860\" src=\"https:\/\/grupotorivac.com\/wp-content\/uploads\/2024\/11\/1000067540-1630x860.jpg\" class=\"attachment-slider-content size-slider-content wp-image-15982\" alt=\"\" \/>\t\t\t\t\t\t\t\t\t\t\t\t\t\t\t<\/div>\n\t\t\t\t<\/div>\n\t\t\t\t<\/div>\n\t\t\t\t<\/div>\n\t\t<div class=\"elementor-element elementor-element-690f1f9 e-con-full e-flex e-con e-child\" data-id=\"690f1f9\" data-element_type=\"container\" data-e-type=\"container\">\n\t\t<div class=\"elementor-element elementor-element-41e26bc e-con-full e-flex e-con e-child\" data-id=\"41e26bc\" data-element_type=\"container\" data-e-type=\"container\">\n\t\t\t\t<div class=\"elementor-element elementor-element-4ac688c elementor-widget elementor-widget-text-editor\" data-id=\"4ac688c\" data-element_type=\"widget\" data-e-type=\"widget\" data-widget_type=\"text-editor.default\">\n\t\t\t\t<div class=\"elementor-widget-container\">\n\t\t\t\t\t\t\t\t\t<h3><b>Neue Trends und L\u00f6sungen auf einen Blick<\/b><\/h3><p><span style=\"font-weight: 400;\">F\u00fcr uns bei Torivac ist es immer eine gro\u00dfartige Gelegenheit, die Innovationen in der Branche zu sehen. Die Unternehmen stellten ihre Technologien und spezifischen L\u00f6sungen f\u00fcr die Spannungsregelung vor. Wir hatten jedoch nicht die Gelegenheit, die Ideen, die sie zu bieten hatten, zu w\u00fcrdigen, da wir das Gef\u00fchl hatten, dass die Anordnung der St\u00e4nde und die Verwaltung des Raums sehr beeintr\u00e4chtigt waren. Einige Bereiche wirkten etwas un\u00fcbersichtlich, was es schwierig machte, sich auf die Pr\u00e4sentationen und Produkte zu konzentrieren.   <\/span><\/p><p><span style=\"font-weight: 400;\">Trotz dieser Schwierigkeiten war dieser Besuch f\u00fcr uns sehr wichtig. Aus erster Hand zu sehen, was andere Akteure des Sektors tun, hilft uns, auf dem Laufenden zu bleiben, Trends zu antizipieren und neue Ideen zu erw\u00e4gen, die wir in unser eigenes Unternehmen integrieren k\u00f6nnten. <\/span><\/p>\t\t\t\t\t\t\t\t<\/div>\n\t\t\t\t<\/div>\n\t\t\t\t<\/div>\n\t\t\t\t<\/div>\n\t\t<div class=\"elementor-element elementor-element-9384f58 e-con-full e-flex e-con e-child\" data-id=\"9384f58\" data-element_type=\"container\" data-e-type=\"container\">\n\t\t<div class=\"elementor-element elementor-element-2a6b6a8 e-con-full e-flex e-con e-child\" data-id=\"2a6b6a8\" data-element_type=\"container\" data-e-type=\"container\">\n\t\t\t\t<div class=\"elementor-element elementor-element-8e9a316 elementor-widget elementor-widget-text-editor\" data-id=\"8e9a316\" data-element_type=\"widget\" data-e-type=\"widget\" data-widget_type=\"text-editor.default\">\n\t\t\t\t<div class=\"elementor-widget-container\">\n\t\t\t\t\t\t\t\t\t<h3><b style=\"font-family: 'PT Sans', Helvetica, Arial, sans-serif; font-size: 26px;\">Treffen mit Kunden und Lieferanten: Ein wichtiges Thema<\/b><\/h3><p><span style=\"font-weight: 400;\">Einer der H\u00f6hepunkte der Matelec ist die Gelegenheit, sich mit unseren Kunden und Lieferanten pers\u00f6nlich zu treffen. Dieses Jahr war es jedoch nicht so einfach wie bei anderen Gelegenheiten. An mehreren St\u00e4nden fiel uns auf, dass das Personal etwas \u00fcberlastet zu sein schien und es manchmal schwierig war, die Aufmerksamkeit zu bekommen, die wir suchten, um bestimmte Themen zu vertiefen. Andererseits war der Platz auf der Veranstaltung viel kleiner als in den Vorjahren, was zu mehr Unbehagen und Gedr\u00e4nge unter Besuchern und Mitarbeitern f\u00fchrte.     <\/span><\/p><p><b>\u00dcberlegungen f\u00fcr die Zukunft<\/b><\/p><p><span style=\"font-weight: 400;\">Auch wenn diese Ausgabe von Matelec die Erwartungen nicht erf\u00fcllt hat, sch\u00e4tzen wir bei Torivac die Erfahrungen, die wir bei anderen Ausgaben gemacht haben.  <\/span><\/p><p><span style=\"font-weight: 400;\">Matelec ist letztlich eine Gelegenheit, zu lernen, zu reflektieren und zu sehen, wo wir uns verbessern k\u00f6nnen. Sie erm\u00f6glicht es uns, den Markt aus einer anderen Perspektive zu sehen und motiviert uns, mit neuen Ideen voranzukommen. Wir hoffen, dass die Organisatoren diese Unzul\u00e4nglichkeiten zur Kenntnis genommen haben und in der Lage sein werden, sie f\u00fcr zuk\u00fcnftige Ausgaben zu beheben.    <\/span><\/p><p><span style=\"font-weight: 400;\">Wenn dieser Artikel Ihr Interesse geweckt hat, k\u00f6nnen Sie mehr \u00fcber unser Unternehmen herausfinden <strong><a href=\"https:\/\/grupotorivac.com\/de\/\" target=\"_blank\" rel=\"noopener\">hier<\/a><\/strong>.<\/span><\/p><p><span style=\"font-weight: 400;\">Wir freuen uns darauf, Sie willkommen zu hei\u00dfen!<\/span><\/p>\t\t\t\t\t\t\t\t<\/div>\n\t\t\t\t<\/div>\n\t\t\t\t<\/div>\n\t\t<div class=\"elementor-element elementor-element-bcc493d e-con-full e-flex e-con e-child\" data-id=\"bcc493d\" data-element_type=\"container\" data-e-type=\"container\">\n\t\t\t\t<div class=\"elementor-element elementor-element-9360073 elementor-widget elementor-widget-image\" data-id=\"9360073\" data-element_type=\"widget\" data-e-type=\"widget\" data-widget_type=\"image.default\">\n\t\t\t\t<div class=\"elementor-widget-container\">\n\t\t\t\t\t\t\t\t\t\t\t\t\t\t\t<img decoding=\"async\" width=\"768\" height=\"1024\" src=\"https:\/\/grupotorivac.com\/wp-content\/uploads\/2024\/11\/1000067539-768x1024.jpg\" class=\"attachment-large size-large wp-image-15983\" alt=\"\" srcset=\"https:\/\/grupotorivac.com\/wp-content\/uploads\/2024\/11\/1000067539-768x1024.jpg 768w, https:\/\/grupotorivac.com\/wp-content\/uploads\/2024\/11\/1000067539-225x300.jpg 225w, https:\/\/grupotorivac.com\/wp-content\/uploads\/2024\/11\/1000067539-1152x1536.jpg 1152w, https:\/\/grupotorivac.com\/wp-content\/uploads\/2024\/11\/1000067539-110x146.jpg 110w, https:\/\/grupotorivac.com\/wp-content\/uploads\/2024\/11\/1000067539-38x50.jpg 38w, https:\/\/grupotorivac.com\/wp-content\/uploads\/2024\/11\/1000067539-56x75.jpg 56w, https:\/\/grupotorivac.com\/wp-content\/uploads\/2024\/11\/1000067539-600x800.jpg 600w, https:\/\/grupotorivac.com\/wp-content\/uploads\/2024\/11\/1000067539.jpg 1536w\" sizes=\"(max-width: 768px) 100vw, 768px\" \/>\t\t\t\t\t\t\t\t\t\t\t\t\t\t\t<\/div>\n\t\t\t\t<\/div>\n\t\t\t\t<\/div>\n\t\t\t\t<\/div>\n\t\t\t\t<\/div>\n\t\t\t\t\t<\/div>\n\t\t\t\t<\/div>\n\t\t\t\t<\/div>\n\t\t","protected":false},"excerpt":{"rendered":"<p>Unser j\u00e4hrlicher Besuch in Matelec Wie bei jeder Ausgabe sind einige Mitglieder des Torivac-Teams nach Madrid gereist, um an der Matelec 2024. Diese Messe ist bereits<span class=\"excerpt-hellip\"> [\u2026]<\/span><\/p>\n","protected":false},"author":3,"featured_media":9608,"comment_status":"closed","ping_status":"closed","sticky":false,"template":"elementor_header_footer","format":"standard","meta":{"_acf_changed":false,"footnotes":""},"categories":[604],"tags":[],"class_list":["post-15980","post","type-post","status-publish","format-standard","has-post-thumbnail","hentry","category-blog"],"acf":[],"yoast_head":"<!-- This site is optimized with the Yoast SEO plugin v27.2 - https:\/\/yoast.com\/product\/yoast-seo-wordpress\/ -->\n<title>Torivac auf der Matelec 2024 - Den Markt erkunden und Verbindungen st\u00e4rken - Torivac<\/title>\n<meta name=\"robots\" content=\"index, follow, max-snippet:-1, max-image-preview:large, max-video-preview:-1\" \/>\n<link rel=\"canonical\" href=\"https:\/\/grupotorivac.com\/de\/torivac-en-matelec-2024-explorando-el-mercado-y-reforzando-conexiones-2\/\" \/>\n<meta property=\"og:locale\" content=\"de_DE\" \/>\n<meta property=\"og:type\" content=\"article\" \/>\n<meta property=\"og:title\" content=\"Torivac auf der Matelec 2024 - Den Markt erkunden und Verbindungen st\u00e4rken - Torivac\" \/>\n<meta property=\"og:description\" content=\"Unser j\u00e4hrlicher Besuch in Matelec Wie bei jeder Ausgabe sind einige Mitglieder des Torivac-Teams nach Madrid gereist, um an der Matelec 2024. Diese Messe ist bereits [\u2026]\" \/>\n<meta property=\"og:url\" content=\"https:\/\/grupotorivac.com\/de\/torivac-en-matelec-2024-explorando-el-mercado-y-reforzando-conexiones-2\/\" \/>\n<meta property=\"og:site_name\" content=\"Torivac\" \/>\n<meta property=\"article:published_time\" content=\"2024-11-22T11:33:00+00:00\" \/>\n<meta property=\"article:modified_time\" content=\"2026-03-23T16:10:54+00:00\" \/>\n<meta property=\"og:image\" content=\"https:\/\/grupotorivac.com\/wp-content\/uploads\/2024\/11\/1000067538.jpg\" \/>\n\t<meta property=\"og:image:width\" content=\"1536\" \/>\n\t<meta property=\"og:image:height\" content=\"2048\" \/>\n\t<meta property=\"og:image:type\" content=\"image\/jpeg\" \/>\n<meta name=\"author\" content=\"Franco Santiso\" \/>\n<meta name=\"twitter:card\" content=\"summary_large_image\" \/>\n<meta name=\"twitter:label1\" content=\"Verfasst von\" \/>\n\t<meta name=\"twitter:data1\" content=\"Franco Santiso\" \/>\n\t<meta name=\"twitter:label2\" content=\"Gesch\u00e4tzte Lesezeit\" \/>\n\t<meta name=\"twitter:data2\" content=\"3\u00a0Minuten\" \/>\n<script type=\"application\/ld+json\" class=\"yoast-schema-graph\">{\"@context\":\"https:\/\/schema.org\",\"@graph\":[{\"@type\":\"Article\",\"@id\":\"https:\/\/grupotorivac.com\/de\/torivac-en-matelec-2024-explorando-el-mercado-y-reforzando-conexiones-2\/#article\",\"isPartOf\":{\"@id\":\"https:\/\/grupotorivac.com\/de\/torivac-en-matelec-2024-explorando-el-mercado-y-reforzando-conexiones-2\/\"},\"author\":{\"name\":\"Franco Santiso\",\"@id\":\"https:\/\/grupotorivac.com\/#\/schema\/person\/66a7a9ac227ee4c0306e33ff34be3c24\"},\"headline\":\"Torivac auf der Matelec 2024 &#8211; Den Markt erkunden und Verbindungen st\u00e4rken\",\"datePublished\":\"2024-11-22T11:33:00+00:00\",\"dateModified\":\"2026-03-23T16:10:54+00:00\",\"mainEntityOfPage\":{\"@id\":\"https:\/\/grupotorivac.com\/de\/torivac-en-matelec-2024-explorando-el-mercado-y-reforzando-conexiones-2\/\"},\"wordCount\":483,\"publisher\":{\"@id\":\"https:\/\/grupotorivac.com\/#organization\"},\"image\":{\"@id\":\"https:\/\/grupotorivac.com\/de\/torivac-en-matelec-2024-explorando-el-mercado-y-reforzando-conexiones-2\/#primaryimage\"},\"thumbnailUrl\":\"https:\/\/grupotorivac.com\/wp-content\/uploads\/2024\/11\/1000067538.jpg\",\"articleSection\":[\"Blog\"],\"inLanguage\":\"de\"},{\"@type\":\"WebPage\",\"@id\":\"https:\/\/grupotorivac.com\/de\/torivac-en-matelec-2024-explorando-el-mercado-y-reforzando-conexiones-2\/\",\"url\":\"https:\/\/grupotorivac.com\/de\/torivac-en-matelec-2024-explorando-el-mercado-y-reforzando-conexiones-2\/\",\"name\":\"Torivac auf der Matelec 2024 - Den Markt erkunden und Verbindungen st\u00e4rken - Torivac\",\"isPartOf\":{\"@id\":\"https:\/\/grupotorivac.com\/#website\"},\"primaryImageOfPage\":{\"@id\":\"https:\/\/grupotorivac.com\/de\/torivac-en-matelec-2024-explorando-el-mercado-y-reforzando-conexiones-2\/#primaryimage\"},\"image\":{\"@id\":\"https:\/\/grupotorivac.com\/de\/torivac-en-matelec-2024-explorando-el-mercado-y-reforzando-conexiones-2\/#primaryimage\"},\"thumbnailUrl\":\"https:\/\/grupotorivac.com\/wp-content\/uploads\/2024\/11\/1000067538.jpg\",\"datePublished\":\"2024-11-22T11:33:00+00:00\",\"dateModified\":\"2026-03-23T16:10:54+00:00\",\"breadcrumb\":{\"@id\":\"https:\/\/grupotorivac.com\/de\/torivac-en-matelec-2024-explorando-el-mercado-y-reforzando-conexiones-2\/#breadcrumb\"},\"inLanguage\":\"de\",\"potentialAction\":[{\"@type\":\"ReadAction\",\"target\":[\"https:\/\/grupotorivac.com\/de\/torivac-en-matelec-2024-explorando-el-mercado-y-reforzando-conexiones-2\/\"]}]},{\"@type\":\"ImageObject\",\"inLanguage\":\"de\",\"@id\":\"https:\/\/grupotorivac.com\/de\/torivac-en-matelec-2024-explorando-el-mercado-y-reforzando-conexiones-2\/#primaryimage\",\"url\":\"https:\/\/grupotorivac.com\/wp-content\/uploads\/2024\/11\/1000067538.jpg\",\"contentUrl\":\"https:\/\/grupotorivac.com\/wp-content\/uploads\/2024\/11\/1000067538.jpg\",\"width\":1536,\"height\":2048,\"caption\":\"Torivac auf der Matelec 2024: Den Markt erkunden und Verbindungen st\u00e4rken\"},{\"@type\":\"BreadcrumbList\",\"@id\":\"https:\/\/grupotorivac.com\/de\/torivac-en-matelec-2024-explorando-el-mercado-y-reforzando-conexiones-2\/#breadcrumb\",\"itemListElement\":[{\"@type\":\"ListItem\",\"position\":1,\"name\":\"Portada\",\"item\":\"https:\/\/grupotorivac.com\/de\/\"},{\"@type\":\"ListItem\",\"position\":2,\"name\":\"Torivac auf der Matelec 2024 &#8211; Den Markt erkunden und Verbindungen st\u00e4rken\"}]},{\"@type\":\"WebSite\",\"@id\":\"https:\/\/grupotorivac.com\/#website\",\"url\":\"https:\/\/grupotorivac.com\/\",\"name\":\"Torivac\",\"description\":\"Especializados en dise\u00f1o y fabricaci\u00f3n de variados de tensi\u00f3n\",\"publisher\":{\"@id\":\"https:\/\/grupotorivac.com\/#organization\"},\"alternateName\":\"Torivac S.L\",\"potentialAction\":[{\"@type\":\"SearchAction\",\"target\":{\"@type\":\"EntryPoint\",\"urlTemplate\":\"https:\/\/grupotorivac.com\/?s={search_term_string}\"},\"query-input\":{\"@type\":\"PropertyValueSpecification\",\"valueRequired\":true,\"valueName\":\"search_term_string\"}}],\"inLanguage\":\"de\"},{\"@type\":\"Organization\",\"@id\":\"https:\/\/grupotorivac.com\/#organization\",\"name\":\"Torivac\",\"alternateName\":\"Torivac S.L\",\"url\":\"https:\/\/grupotorivac.com\/\",\"logo\":{\"@type\":\"ImageObject\",\"inLanguage\":\"de\",\"@id\":\"https:\/\/grupotorivac.com\/#\/schema\/logo\/image\/\",\"url\":\"https:\/\/grupotorivac.com\/wp-content\/uploads\/2025\/02\/Diseno-sin-titulo-73.png\",\"contentUrl\":\"https:\/\/grupotorivac.com\/wp-content\/uploads\/2025\/02\/Diseno-sin-titulo-73.png\",\"width\":250,\"height\":250,\"caption\":\"Torivac\"},\"image\":{\"@id\":\"https:\/\/grupotorivac.com\/#\/schema\/logo\/image\/\"}},{\"@type\":\"Person\",\"@id\":\"https:\/\/grupotorivac.com\/#\/schema\/person\/66a7a9ac227ee4c0306e33ff34be3c24\",\"name\":\"Franco Santiso\",\"image\":{\"@type\":\"ImageObject\",\"inLanguage\":\"de\",\"@id\":\"https:\/\/secure.gravatar.com\/avatar\/3e691e40ad87da5eb1e273b36578b364bae76a43c3de9c1754bae6b45966b3f4?s=96&d=mm&r=g\",\"url\":\"https:\/\/secure.gravatar.com\/avatar\/3e691e40ad87da5eb1e273b36578b364bae76a43c3de9c1754bae6b45966b3f4?s=96&d=mm&r=g\",\"contentUrl\":\"https:\/\/secure.gravatar.com\/avatar\/3e691e40ad87da5eb1e273b36578b364bae76a43c3de9c1754bae6b45966b3f4?s=96&d=mm&r=g\",\"caption\":\"Franco Santiso\"},\"url\":\"https:\/\/grupotorivac.com\/de\/author\/francoadm\/\"}]}<\/script>\n<!-- \/ Yoast SEO plugin. -->","yoast_head_json":{"title":"Torivac auf der Matelec 2024 - Den Markt erkunden und Verbindungen st\u00e4rken - Torivac","robots":{"index":"index","follow":"follow","max-snippet":"max-snippet:-1","max-image-preview":"max-image-preview:large","max-video-preview":"max-video-preview:-1"},"canonical":"https:\/\/grupotorivac.com\/de\/torivac-en-matelec-2024-explorando-el-mercado-y-reforzando-conexiones-2\/","og_locale":"de_DE","og_type":"article","og_title":"Torivac auf der Matelec 2024 - Den Markt erkunden und Verbindungen st\u00e4rken - Torivac","og_description":"Unser j\u00e4hrlicher Besuch in Matelec Wie bei jeder Ausgabe sind einige Mitglieder des Torivac-Teams nach Madrid gereist, um an der Matelec 2024. Diese Messe ist bereits [\u2026]","og_url":"https:\/\/grupotorivac.com\/de\/torivac-en-matelec-2024-explorando-el-mercado-y-reforzando-conexiones-2\/","og_site_name":"Torivac","article_published_time":"2024-11-22T11:33:00+00:00","article_modified_time":"2026-03-23T16:10:54+00:00","og_image":[{"width":1536,"height":2048,"url":"https:\/\/grupotorivac.com\/wp-content\/uploads\/2024\/11\/1000067538.jpg","type":"image\/jpeg"}],"author":"Franco Santiso","twitter_card":"summary_large_image","twitter_misc":{"Verfasst von":"Franco Santiso","Gesch\u00e4tzte Lesezeit":"3\u00a0Minuten"},"schema":{"@context":"https:\/\/schema.org","@graph":[{"@type":"Article","@id":"https:\/\/grupotorivac.com\/de\/torivac-en-matelec-2024-explorando-el-mercado-y-reforzando-conexiones-2\/#article","isPartOf":{"@id":"https:\/\/grupotorivac.com\/de\/torivac-en-matelec-2024-explorando-el-mercado-y-reforzando-conexiones-2\/"},"author":{"name":"Franco Santiso","@id":"https:\/\/grupotorivac.com\/#\/schema\/person\/66a7a9ac227ee4c0306e33ff34be3c24"},"headline":"Torivac auf der Matelec 2024 &#8211; Den Markt erkunden und Verbindungen st\u00e4rken","datePublished":"2024-11-22T11:33:00+00:00","dateModified":"2026-03-23T16:10:54+00:00","mainEntityOfPage":{"@id":"https:\/\/grupotorivac.com\/de\/torivac-en-matelec-2024-explorando-el-mercado-y-reforzando-conexiones-2\/"},"wordCount":483,"publisher":{"@id":"https:\/\/grupotorivac.com\/#organization"},"image":{"@id":"https:\/\/grupotorivac.com\/de\/torivac-en-matelec-2024-explorando-el-mercado-y-reforzando-conexiones-2\/#primaryimage"},"thumbnailUrl":"https:\/\/grupotorivac.com\/wp-content\/uploads\/2024\/11\/1000067538.jpg","articleSection":["Blog"],"inLanguage":"de"},{"@type":"WebPage","@id":"https:\/\/grupotorivac.com\/de\/torivac-en-matelec-2024-explorando-el-mercado-y-reforzando-conexiones-2\/","url":"https:\/\/grupotorivac.com\/de\/torivac-en-matelec-2024-explorando-el-mercado-y-reforzando-conexiones-2\/","name":"Torivac auf der Matelec 2024 - Den Markt erkunden und Verbindungen st\u00e4rken - Torivac","isPartOf":{"@id":"https:\/\/grupotorivac.com\/#website"},"primaryImageOfPage":{"@id":"https:\/\/grupotorivac.com\/de\/torivac-en-matelec-2024-explorando-el-mercado-y-reforzando-conexiones-2\/#primaryimage"},"image":{"@id":"https:\/\/grupotorivac.com\/de\/torivac-en-matelec-2024-explorando-el-mercado-y-reforzando-conexiones-2\/#primaryimage"},"thumbnailUrl":"https:\/\/grupotorivac.com\/wp-content\/uploads\/2024\/11\/1000067538.jpg","datePublished":"2024-11-22T11:33:00+00:00","dateModified":"2026-03-23T16:10:54+00:00","breadcrumb":{"@id":"https:\/\/grupotorivac.com\/de\/torivac-en-matelec-2024-explorando-el-mercado-y-reforzando-conexiones-2\/#breadcrumb"},"inLanguage":"de","potentialAction":[{"@type":"ReadAction","target":["https:\/\/grupotorivac.com\/de\/torivac-en-matelec-2024-explorando-el-mercado-y-reforzando-conexiones-2\/"]}]},{"@type":"ImageObject","inLanguage":"de","@id":"https:\/\/grupotorivac.com\/de\/torivac-en-matelec-2024-explorando-el-mercado-y-reforzando-conexiones-2\/#primaryimage","url":"https:\/\/grupotorivac.com\/wp-content\/uploads\/2024\/11\/1000067538.jpg","contentUrl":"https:\/\/grupotorivac.com\/wp-content\/uploads\/2024\/11\/1000067538.jpg","width":1536,"height":2048,"caption":"Torivac auf der Matelec 2024: Den Markt erkunden und Verbindungen st\u00e4rken"},{"@type":"BreadcrumbList","@id":"https:\/\/grupotorivac.com\/de\/torivac-en-matelec-2024-explorando-el-mercado-y-reforzando-conexiones-2\/#breadcrumb","itemListElement":[{"@type":"ListItem","position":1,"name":"Portada","item":"https:\/\/grupotorivac.com\/de\/"},{"@type":"ListItem","position":2,"name":"Torivac auf der Matelec 2024 &#8211; Den Markt erkunden und Verbindungen st\u00e4rken"}]},{"@type":"WebSite","@id":"https:\/\/grupotorivac.com\/#website","url":"https:\/\/grupotorivac.com\/","name":"Torivac","description":"Especializados en dise\u00f1o y fabricaci\u00f3n de variados de tensi\u00f3n","publisher":{"@id":"https:\/\/grupotorivac.com\/#organization"},"alternateName":"Torivac S.L","potentialAction":[{"@type":"SearchAction","target":{"@type":"EntryPoint","urlTemplate":"https:\/\/grupotorivac.com\/?s={search_term_string}"},"query-input":{"@type":"PropertyValueSpecification","valueRequired":true,"valueName":"search_term_string"}}],"inLanguage":"de"},{"@type":"Organization","@id":"https:\/\/grupotorivac.com\/#organization","name":"Torivac","alternateName":"Torivac S.L","url":"https:\/\/grupotorivac.com\/","logo":{"@type":"ImageObject","inLanguage":"de","@id":"https:\/\/grupotorivac.com\/#\/schema\/logo\/image\/","url":"https:\/\/grupotorivac.com\/wp-content\/uploads\/2025\/02\/Diseno-sin-titulo-73.png","contentUrl":"https:\/\/grupotorivac.com\/wp-content\/uploads\/2025\/02\/Diseno-sin-titulo-73.png","width":250,"height":250,"caption":"Torivac"},"image":{"@id":"https:\/\/grupotorivac.com\/#\/schema\/logo\/image\/"}},{"@type":"Person","@id":"https:\/\/grupotorivac.com\/#\/schema\/person\/66a7a9ac227ee4c0306e33ff34be3c24","name":"Franco Santiso","image":{"@type":"ImageObject","inLanguage":"de","@id":"https:\/\/secure.gravatar.com\/avatar\/3e691e40ad87da5eb1e273b36578b364bae76a43c3de9c1754bae6b45966b3f4?s=96&d=mm&r=g","url":"https:\/\/secure.gravatar.com\/avatar\/3e691e40ad87da5eb1e273b36578b364bae76a43c3de9c1754bae6b45966b3f4?s=96&d=mm&r=g","contentUrl":"https:\/\/secure.gravatar.com\/avatar\/3e691e40ad87da5eb1e273b36578b364bae76a43c3de9c1754bae6b45966b3f4?s=96&d=mm&r=g","caption":"Franco Santiso"},"url":"https:\/\/grupotorivac.com\/de\/author\/francoadm\/"}]}},"_links":{"self":[{"href":"https:\/\/grupotorivac.com\/de\/wp-json\/wp\/v2\/posts\/15980","targetHints":{"allow":["GET"]}}],"collection":[{"href":"https:\/\/grupotorivac.com\/de\/wp-json\/wp\/v2\/posts"}],"about":[{"href":"https:\/\/grupotorivac.com\/de\/wp-json\/wp\/v2\/types\/post"}],"author":[{"embeddable":true,"href":"https:\/\/grupotorivac.com\/de\/wp-json\/wp\/v2\/users\/3"}],"replies":[{"embeddable":true,"href":"https:\/\/grupotorivac.com\/de\/wp-json\/wp\/v2\/comments?post=15980"}],"version-history":[{"count":2,"href":"https:\/\/grupotorivac.com\/de\/wp-json\/wp\/v2\/posts\/15980\/revisions"}],"predecessor-version":[{"id":16085,"href":"https:\/\/grupotorivac.com\/de\/wp-json\/wp\/v2\/posts\/15980\/revisions\/16085"}],"wp:featuredmedia":[{"embeddable":true,"href":"https:\/\/grupotorivac.com\/de\/wp-json\/wp\/v2\/media\/9608"}],"wp:attachment":[{"href":"https:\/\/grupotorivac.com\/de\/wp-json\/wp\/v2\/media?parent=15980"}],"wp:term":[{"taxonomy":"category","embeddable":true,"href":"https:\/\/grupotorivac.com\/de\/wp-json\/wp\/v2\/categories?post=15980"},{"taxonomy":"post_tag","embeddable":true,"href":"https:\/\/grupotorivac.com\/de\/wp-json\/wp\/v2\/tags?post=15980"}],"curies":[{"name":"wp","href":"https:\/\/api.w.org\/{rel}","templated":true}]}}